{"id":240325,"date":"2023-05-19T13:47:09","date_gmt":"2023-05-19T17:47:09","guid":{"rendered":"https:\/\/www.ocorreionews.com.br\/acervo-correio\/?p=240325"},"modified":"2023-05-20T10:07:40","modified_gmt":"2023-05-20T14:07:40","slug":"executivo-municipal-reune-com-diretores-e-coordenadores-das-escolas-municipais","status":"publish","type":"post","link":"https:\/\/www.ocorreionews.com.br\/acervo-correio\/?p=240325","title":{"rendered":"Prefeitura de Chapad\u00e3o do Sul re\u00fane com diretores e coordenadores das Escolas Municipais"},"content":{"rendered":"<p>Reuniram na manha de sexta feira 19, o prefeito em exerc\u00edcio Dr. Jo\u00e3o Buzoli, secret\u00e1rio de educa\u00e7\u00e3o Guerino Perius, secret\u00e1ria adjunta Maria Otilia, secret\u00e1rio de governo Felipe Batista com os diretores, coordenadores e das Escolas Municipais. Participaram tamb\u00e9m a secret\u00e1ria de Administra\u00e7\u00e3o Raquel Torteli, diretora de RH Joyce Prado e jur\u00eddico Dr. Waldiro Neto.<\/p>\n<p>A reuni\u00e3o convocada pelo executivo faz parte da agenda de gest\u00e3o participativa implementada pelo prefeito em exerc\u00edcio Dr. Jo\u00e3o Buzoli, visando a otimiza\u00e7\u00e3o da administra\u00e7\u00e3o atrav\u00e9s de levantamento de problemas e solu\u00e7\u00f5es para a\u00e7\u00f5es de melhorias que devem ser aplicadas na pasta da educa\u00e7\u00e3o que \u00e9 a maior secret\u00e1ria em or\u00e7amento e servidores da prefeitura.<\/p>\n<p>Foram trados de assuntos de procedimentos administrativos que envolvem a tipologia das escolas, contrata\u00e7\u00e3o de servidores, atestados e f\u00e9rias.<br \/>\nOutro tema debatido foi a qualidade do ensino oferecido aos alunos da rede de ensino municipal, que deve ser prioridade no munic\u00edpio.<br \/>\nA educa\u00e7\u00e3o inclusiva e acessibilidade nas escolas tamb\u00e9m foram definidas como prioridade.<\/p>\n<p>Jo\u00e3o Buzoli ressaltou que procedimentos administrativos s\u00e3o fundamentais para o correto funcionamento da gest\u00e3o e que a otimiza\u00e7\u00e3o da estrutura e dos recursos \u00e9 fundamental para que o executivo consiga melhorar ensino, valorizar os servidores da educa\u00e7\u00e3o e proporcionar o aumento de sal\u00e1rio reivindicados pela classe.<\/p>\n<p>Ao final ficou definido novos procedimentos administrativos, levantamentos espec\u00edficos e plano de otimiza\u00e7\u00e3o da estrutura da pasta dever\u00e3o ser elaborados e implementados no decorrer dos anos futuros para atendimento da crescente demanda de ensino do munic\u00edpio.<\/p>\n","protected":false},"excerpt":{"rendered":"<p>Reuniram na manha de sexta feira 19, o prefeito em exerc\u00edcio Dr. Jo\u00e3o Buzoli, secret\u00e1rio de educa\u00e7\u00e3o Guerino Perius, secret\u00e1ria adjunta Maria Otilia, secret\u00e1rio de governo Felipe Batista com os diretores, coordenadores e das Escolas Municipais. Participaram tamb\u00e9m a secret\u00e1ria de Administra\u00e7\u00e3o Raquel Torteli, diretora de RH Joyce Prado e jur\u00eddico Dr. Waldiro Neto. A [&hellip;]<\/p>\n","protected":false},"author":4,"featured_media":240327,"comment_status":"closed","ping_status":"closed","sticky":false,"template":"","format":"standard","meta":{"footnotes":""},"categories":[23],"tags":[],"class_list":["post-240325","post","type-post","status-publish","format-standard","has-post-thumbnail","hentry","category-chapadao-do-sul"],"_links":{"self":[{"href":"https:\/\/www.ocorreionews.com.br\/acervo-correio\/index.php?rest_route=\/wp\/v2\/posts\/240325","targetHints":{"allow":["GET"]}}],"collection":[{"href":"https:\/\/www.ocorreionews.com.br\/acervo-correio\/index.php?rest_route=\/wp\/v2\/posts"}],"about":[{"href":"https:\/\/www.ocorreionews.com.br\/acervo-correio\/index.php?rest_route=\/wp\/v2\/types\/post"}],"author":[{"embeddable":true,"href":"https:\/\/www.ocorreionews.com.br\/acervo-correio\/index.php?rest_route=\/wp\/v2\/users\/4"}],"replies":[{"embeddable":true,"href":"https:\/\/www.ocorreionews.com.br\/acervo-correio\/index.php?rest_route=%2Fwp%2Fv2%2Fcomments&post=240325"}],"version-history":[{"count":1,"href":"https:\/\/www.ocorreionews.com.br\/acervo-correio\/index.php?rest_route=\/wp\/v2\/posts\/240325\/revisions"}],"predecessor-version":[{"id":240357,"href":"https:\/\/www.ocorreionews.com.br\/acervo-correio\/index.php?rest_route=\/wp\/v2\/posts\/240325\/revisions\/240357"}],"wp:featuredmedia":[{"embeddable":true,"href":"https:\/\/www.ocorreionews.com.br\/acervo-correio\/index.php?rest_route=\/wp\/v2\/media\/240327"}],"wp:attachment":[{"href":"https:\/\/www.ocorreionews.com.br\/acervo-correio\/index.php?rest_route=%2Fwp%2Fv2%2Fmedia&parent=240325"}],"wp:term":[{"taxonomy":"category","embeddable":true,"href":"https:\/\/www.ocorreionews.com.br\/acervo-correio\/index.php?rest_route=%2Fwp%2Fv2%2Fcategories&post=240325"},{"taxonomy":"post_tag","embeddable":true,"href":"https:\/\/www.ocorreionews.com.br\/acervo-correio\/index.php?rest_route=%2Fwp%2Fv2%2Ftags&post=240325"}],"curies":[{"name":"wp","href":"https:\/\/api.w.org\/{rel}","templated":true}]}}