{"id":240379,"date":"2023-05-20T10:27:16","date_gmt":"2023-05-20T14:27:16","guid":{"rendered":"https:\/\/www.ocorreionews.com.br\/acervo-correio\/?p=240379"},"modified":"2023-05-20T10:27:16","modified_gmt":"2023-05-20T14:27:16","slug":"comitiva-de-paraiso-das-aguas-se-reuni-com-governador-e-secretarios","status":"publish","type":"post","link":"https:\/\/www.ocorreionews.com.br\/acervo-correio\/?p=240379","title":{"rendered":"Comitiva de Para\u00edso das \u00c1guas se reuni com governador e secret\u00e1rios"},"content":{"rendered":"<div class=\"entry\">\n<p>Seguindo o compromisso com o municipalismo, o governador Eduardo Riedel recebeu nesta sexta-feira (19) o prefeito de Para\u00edso das \u00c1guas, Anizio Andrade, que veio \u00e0 governadoria com uma comitiva incluindo secret\u00e1rios municipais e vereadores da cidade.<\/p>\n<figure id=\"attachment_240364\" aria-describedby=\"caption-attachment-240364\" style=\"width: 599px\" class=\"wp-caption aligncenter\"><a href=\"https:\/\/www.ocorreionews.com.br\/acervo-correio\/wp-content\/uploads\/2023\/05\/Anizio-Riedel-2-Foto-Saul-Schramm-15-730x480-1-scaled.jpg\"><img loading=\"lazy\" decoding=\"async\" class=\"wp-image-240364\" src=\"https:\/\/www.ocorreionews.com.br\/acervo-correio\/wp-content\/uploads\/2023\/05\/Anizio-Riedel-2-Foto-Saul-Schramm-15-730x480-1-scaled.jpg\" alt=\"\" width=\"599\" height=\"388\" srcset=\"https:\/\/www.ocorreionews.com.br\/acervo-correio\/wp-content\/uploads\/2023\/05\/Anizio-Riedel-2-Foto-Saul-Schramm-15-730x480-1-scaled.jpg 2560w, https:\/\/www.ocorreionews.com.br\/acervo-correio\/wp-content\/uploads\/2023\/05\/Anizio-Riedel-2-Foto-Saul-Schramm-15-730x480-1-300x194.jpg 300w, https:\/\/www.ocorreionews.com.br\/acervo-correio\/wp-content\/uploads\/2023\/05\/Anizio-Riedel-2-Foto-Saul-Schramm-15-730x480-1-1024x663.jpg 1024w, https:\/\/www.ocorreionews.com.br\/acervo-correio\/wp-content\/uploads\/2023\/05\/Anizio-Riedel-2-Foto-Saul-Schramm-15-730x480-1-768x498.jpg 768w, https:\/\/www.ocorreionews.com.br\/acervo-correio\/wp-content\/uploads\/2023\/05\/Anizio-Riedel-2-Foto-Saul-Schramm-15-730x480-1-1536x995.jpg 1536w, https:\/\/www.ocorreionews.com.br\/acervo-correio\/wp-content\/uploads\/2023\/05\/Anizio-Riedel-2-Foto-Saul-Schramm-15-730x480-1-2048x1327.jpg 2048w, https:\/\/www.ocorreionews.com.br\/acervo-correio\/wp-content\/uploads\/2023\/05\/Anizio-Riedel-2-Foto-Saul-Schramm-15-730x480-1-210x136.jpg 210w\" sizes=\"auto, (max-width: 599px) 100vw, 599px\" \/><\/a><figcaption id=\"caption-attachment-240364\" class=\"wp-caption-text\">Foto: Saul Schramm<\/figcaption><\/figure>\n<p>Na pauta do encontro, o prefeito Anizio apresentou junto com seu secretariado e legislativo municipal demandas da cidade. A reuni\u00e3o foi acompanhada pelo secret\u00e1rio de Governo e Gest\u00e3o Estrat\u00e9gica, Pedro Arlei Caravina, o secret\u00e1rio da Casa Civil, Eduardo Rocha, e o secret\u00e1rio-adjunto da Casa Civil, Eder Uilson Fran\u00e7a Lima, o Tuta.<\/p>\n<p>O governador agradeceu a visita dos representantes e disse que est\u00e1 empenhado em atender as necessidades do munic\u00edpio e sua popula\u00e7\u00e3o. O prefeito Anizio respondeu que aguarda, em breve, uma visita do chefe do Executivo estadual a Para\u00edso das \u00c1guas.<\/p>\n<p>Localizado no nordeste de Mato Grosso do Sul, pr\u00f3ximo a Chapad\u00e3o do Sul, Para\u00edso das \u00c1guas \u00e9 o munic\u00edpio mais jovem do Estado, sendo instalado oficialmente em 1\u00ba de janeiro de 2013. Atualmente a popula\u00e7\u00e3o paraisense \u00e9 estimada em 5.751 habitantes, conforme dados de 2021 do IBGE (Instituto Brasileiro de Geografia e Estat\u00edstica).<\/p>\n<p><a href=\"https:\/\/www.ocorreionews.com.br\/acervo-correio\/wp-content\/uploads\/2023\/05\/Anizio-Riedel-Foto-Saul-Schramm-15-730x480-1.jpg\"><img loading=\"lazy\" decoding=\"async\" class=\"alignnone  wp-image-240368\" src=\"https:\/\/www.ocorreionews.com.br\/acervo-correio\/wp-content\/uploads\/2023\/05\/Anizio-Riedel-Foto-Saul-Schramm-15-730x480-1.jpg\" alt=\"\" width=\"601\" height=\"395\" srcset=\"https:\/\/www.ocorreionews.com.br\/acervo-correio\/wp-content\/uploads\/2023\/05\/Anizio-Riedel-Foto-Saul-Schramm-15-730x480-1.jpg 730w, https:\/\/www.ocorreionews.com.br\/acervo-correio\/wp-content\/uploads\/2023\/05\/Anizio-Riedel-Foto-Saul-Schramm-15-730x480-1-300x197.jpg 300w\" sizes=\"auto, (max-width: 601px) 100vw, 601px\" \/><\/a> <a href=\"https:\/\/www.ocorreionews.com.br\/acervo-correio\/wp-content\/uploads\/2023\/05\/Anizio-Riedel-3-Foto-Saul-Schramm-15-730x480-1-scaled.jpg\"><img loading=\"lazy\" decoding=\"async\" class=\"alignnone  wp-image-240365\" src=\"https:\/\/www.ocorreionews.com.br\/acervo-correio\/wp-content\/uploads\/2023\/05\/Anizio-Riedel-3-Foto-Saul-Schramm-15-730x480-1-scaled.jpg\" alt=\"\" width=\"600\" height=\"378\" srcset=\"https:\/\/www.ocorreionews.com.br\/acervo-correio\/wp-content\/uploads\/2023\/05\/Anizio-Riedel-3-Foto-Saul-Schramm-15-730x480-1-scaled.jpg 2560w, https:\/\/www.ocorreionews.com.br\/acervo-correio\/wp-content\/uploads\/2023\/05\/Anizio-Riedel-3-Foto-Saul-Schramm-15-730x480-1-300x189.jpg 300w, https:\/\/www.ocorreionews.com.br\/acervo-correio\/wp-content\/uploads\/2023\/05\/Anizio-Riedel-3-Foto-Saul-Schramm-15-730x480-1-1024x645.jpg 1024w, https:\/\/www.ocorreionews.com.br\/acervo-correio\/wp-content\/uploads\/2023\/05\/Anizio-Riedel-3-Foto-Saul-Schramm-15-730x480-1-768x484.jpg 768w, https:\/\/www.ocorreionews.com.br\/acervo-correio\/wp-content\/uploads\/2023\/05\/Anizio-Riedel-3-Foto-Saul-Schramm-15-730x480-1-1536x968.jpg 1536w, https:\/\/www.ocorreionews.com.br\/acervo-correio\/wp-content\/uploads\/2023\/05\/Anizio-Riedel-3-Foto-Saul-Schramm-15-730x480-1-2048x1290.jpg 2048w\" sizes=\"auto, (max-width: 600px) 100vw, 600px\" \/><\/a><\/p>\n<div id=\"gallery-1\" class=\"gallery galleryid-436633 gallery-columns-2 gallery-size-large\"><\/div>\n<p><em>Alexandre Gonzaga, Comunica\u00e7\u00e3o Governo de MS &#8211; <\/em><em>Fotos: Saul Schramm<\/em><\/p>\n<\/div>\n","protected":false},"excerpt":{"rendered":"<p>Seguindo o compromisso com o municipalismo, o governador Eduardo Riedel recebeu nesta sexta-feira (19) o prefeito de Para\u00edso das \u00c1guas, Anizio Andrade, que veio \u00e0 governadoria com uma comitiva incluindo secret\u00e1rios municipais e vereadores da cidade. Na pauta do encontro, o prefeito Anizio apresentou junto com seu secretariado e legislativo municipal demandas da cidade. A [&hellip;]<\/p>\n","protected":false},"author":5,"featured_media":240366,"comment_status":"closed","ping_status":"closed","sticky":false,"template":"","format":"standard","meta":{"footnotes":""},"categories":[41,36],"tags":[],"class_list":["post-240379","post","type-post","status-publish","format-standard","has-post-thumbnail","hentry","category-destaque","category-paraiso-das-aguas"],"_links":{"self":[{"href":"https:\/\/www.ocorreionews.com.br\/acervo-correio\/index.php?rest_route=\/wp\/v2\/posts\/240379","targetHints":{"allow":["GET"]}}],"collection":[{"href":"https:\/\/www.ocorreionews.com.br\/acervo-correio\/index.php?rest_route=\/wp\/v2\/posts"}],"about":[{"href":"https:\/\/www.ocorreionews.com.br\/acervo-correio\/index.php?rest_route=\/wp\/v2\/types\/post"}],"author":[{"embeddable":true,"href":"https:\/\/www.ocorreionews.com.br\/acervo-correio\/index.php?rest_route=\/wp\/v2\/users\/5"}],"replies":[{"embeddable":true,"href":"https:\/\/www.ocorreionews.com.br\/acervo-correio\/index.php?rest_route=%2Fwp%2Fv2%2Fcomments&post=240379"}],"version-history":[{"count":1,"href":"https:\/\/www.ocorreionews.com.br\/acervo-correio\/index.php?rest_route=\/wp\/v2\/posts\/240379\/revisions"}],"predecessor-version":[{"id":240381,"href":"https:\/\/www.ocorreionews.com.br\/acervo-correio\/index.php?rest_route=\/wp\/v2\/posts\/240379\/revisions\/240381"}],"wp:featuredmedia":[{"embeddable":true,"href":"https:\/\/www.ocorreionews.com.br\/acervo-correio\/index.php?rest_route=\/wp\/v2\/media\/240366"}],"wp:attachment":[{"href":"https:\/\/www.ocorreionews.com.br\/acervo-correio\/index.php?rest_route=%2Fwp%2Fv2%2Fmedia&parent=240379"}],"wp:term":[{"taxonomy":"category","embeddable":true,"href":"https:\/\/www.ocorreionews.com.br\/acervo-correio\/index.php?rest_route=%2Fwp%2Fv2%2Fcategories&post=240379"},{"taxonomy":"post_tag","embeddable":true,"href":"https:\/\/www.ocorreionews.com.br\/acervo-correio\/index.php?rest_route=%2Fwp%2Fv2%2Ftags&post=240379"}],"curies":[{"name":"wp","href":"https:\/\/api.w.org\/{rel}","templated":true}]}}