{"id":240473,"date":"2023-05-22T13:03:31","date_gmt":"2023-05-22T17:03:31","guid":{"rendered":"https:\/\/www.ocorreionews.com.br\/acervo-correio\/?p=240473"},"modified":"2023-05-22T13:03:31","modified_gmt":"2023-05-22T17:03:31","slug":"estudantes-de-paraiso-das-aguas-viajam-para-os-jogos-da-juventude-2023","status":"publish","type":"post","link":"https:\/\/www.ocorreionews.com.br\/acervo-correio\/?p=240473","title":{"rendered":"Estudantes de Para\u00edso das \u00c1guas viajam para os Jogos da Juventude 2023"},"content":{"rendered":"<p>A Prefeitura Municipal de Para\u00edso das \u00c1guas por meio da Secretaria Municipal de Educa\u00e7\u00e3o, Cultura, Esporte e Lazer (Semecel) e coordena\u00e7\u00e3o municipal de Esportes, est\u00e3o conduzindo estudantes esportistas do munic\u00edpio \u00e0 capital, onde participam dos Jogos Escolares da Juventude 2023.<\/p>\n<p>Os jogos acontecem entre os dias 22 e 28 de maio.<\/p>\n<p>Est\u00e3o participando adolescentes de 15 \u00e0 17 anos, de ambos os sexos.<\/p>\n<p>Na primeira fase, a equipe feminina enfrenta Caarap\u00f3 e Sonora.<\/p>\n<p>Masculina enfrenta Nova Andradina e Rochedo.<\/p>\n","protected":false},"excerpt":{"rendered":"<p>A Prefeitura Municipal de Para\u00edso das \u00c1guas por meio da Secretaria Municipal de Educa\u00e7\u00e3o, Cultura, Esporte e Lazer (Semecel) e coordena\u00e7\u00e3o municipal de Esportes, est\u00e3o conduzindo estudantes esportistas do munic\u00edpio \u00e0 capital, onde participam dos Jogos Escolares da Juventude 2023. Os jogos acontecem entre os dias 22 e 28 de maio. Est\u00e3o participando adolescentes de [&hellip;]<\/p>\n","protected":false},"author":4,"featured_media":240474,"comment_status":"closed","ping_status":"closed","sticky":false,"template":"","format":"standard","meta":{"footnotes":""},"categories":[29,36],"tags":[],"class_list":["post-240473","post","type-post","status-publish","format-standard","has-post-thumbnail","hentry","category-esporte","category-paraiso-das-aguas"],"_links":{"self":[{"href":"https:\/\/www.ocorreionews.com.br\/acervo-correio\/index.php?rest_route=\/wp\/v2\/posts\/240473","targetHints":{"allow":["GET"]}}],"collection":[{"href":"https:\/\/www.ocorreionews.com.br\/acervo-correio\/index.php?rest_route=\/wp\/v2\/posts"}],"about":[{"href":"https:\/\/www.ocorreionews.com.br\/acervo-correio\/index.php?rest_route=\/wp\/v2\/types\/post"}],"author":[{"embeddable":true,"href":"https:\/\/www.ocorreionews.com.br\/acervo-correio\/index.php?rest_route=\/wp\/v2\/users\/4"}],"replies":[{"embeddable":true,"href":"https:\/\/www.ocorreionews.com.br\/acervo-correio\/index.php?rest_route=%2Fwp%2Fv2%2Fcomments&post=240473"}],"version-history":[{"count":1,"href":"https:\/\/www.ocorreionews.com.br\/acervo-correio\/index.php?rest_route=\/wp\/v2\/posts\/240473\/revisions"}],"predecessor-version":[{"id":240475,"href":"https:\/\/www.ocorreionews.com.br\/acervo-correio\/index.php?rest_route=\/wp\/v2\/posts\/240473\/revisions\/240475"}],"wp:featuredmedia":[{"embeddable":true,"href":"https:\/\/www.ocorreionews.com.br\/acervo-correio\/index.php?rest_route=\/wp\/v2\/media\/240474"}],"wp:attachment":[{"href":"https:\/\/www.ocorreionews.com.br\/acervo-correio\/index.php?rest_route=%2Fwp%2Fv2%2Fmedia&parent=240473"}],"wp:term":[{"taxonomy":"category","embeddable":true,"href":"https:\/\/www.ocorreionews.com.br\/acervo-correio\/index.php?rest_route=%2Fwp%2Fv2%2Fcategories&post=240473"},{"taxonomy":"post_tag","embeddable":true,"href":"https:\/\/www.ocorreionews.com.br\/acervo-correio\/index.php?rest_route=%2Fwp%2Fv2%2Ftags&post=240473"}],"curies":[{"name":"wp","href":"https:\/\/api.w.org\/{rel}","templated":true}]}}