{"id":240492,"date":"2023-05-22T13:51:36","date_gmt":"2023-05-22T17:51:36","guid":{"rendered":"https:\/\/www.ocorreionews.com.br\/acervo-correio\/?p=240492"},"modified":"2023-05-22T13:51:36","modified_gmt":"2023-05-22T17:51:36","slug":"menina-vai-comprar-pao-e-e-estuprada-por-homem-em-mercearia-de-mato-grosso-do-sul","status":"publish","type":"post","link":"https:\/\/www.ocorreionews.com.br\/acervo-correio\/?p=240492","title":{"rendered":"Menina vai comprar p\u00e3o e \u00e9 estuprada por homem em mercearia de Mato Grosso do Sul"},"content":{"rendered":"<div class=\"elementor-element elementor-element-33095f69 elementor-widget elementor-widget-theme-post-content\" data-id=\"33095f69\" data-element_type=\"widget\" data-widget_type=\"theme-post-content.default\">\n<div class=\"elementor-widget-container\">\n<p>Um homem de 49 anos foi preso na manh\u00e3 desta segunda-feira (22), em Ribas do Rio Pardo, ap\u00f3s estuprar uma menina de 9 anos, em uma mercearia da cidade. A crian\u00e7a tinha ido comprar p\u00e3o.<\/p>\n<p>Informa\u00e7\u00f5es passadas pela Pol\u00edcia Militar s\u00e3o de que a menina tinha ido com uma amiguinha para comprar p\u00e3o e quando chegou ao com\u00e9rcio, o homem estava sentado em um banco e chamou a crian\u00e7a para se sentar ao seu lado. Quando a menina sentou, o autor passou as m\u00e3os nas partes \u00edntimas da v\u00edtima.<\/p>\n<p>A crian\u00e7a se assustou e correu para dentro da mercearia.\u00a0A PM ao chegar no local conseguiu identificar o autor e efetuar sua pris\u00e3o, encaminhando-o \u00e0 delegacia.<\/p>\n<p>Segundo a m\u00e3e da crian\u00e7a, a mesma teria ido at\u00e9 aquela mercearia para comprar p\u00e3o, juntamente com sua amiga, tamb\u00e9m menor de idade.<\/p>\n<\/div>\n<\/div>\n<p>&nbsp;<\/p>\n<p>Midiamax &#8211; Thatiana Melo<\/p>\n","protected":false},"excerpt":{"rendered":"<p>Um homem de 49 anos foi preso na manh\u00e3 desta segunda-feira (22), em Ribas do Rio Pardo, ap\u00f3s estuprar uma menina de 9 anos, em uma mercearia da cidade. A crian\u00e7a tinha ido comprar p\u00e3o. Informa\u00e7\u00f5es passadas pela Pol\u00edcia Militar s\u00e3o de que a menina tinha ido com uma amiguinha para comprar p\u00e3o e quando [&hellip;]<\/p>\n","protected":false},"author":5,"featured_media":149096,"comment_status":"closed","ping_status":"closed","sticky":false,"template":"","format":"standard","meta":{"footnotes":""},"categories":[38],"tags":[],"class_list":["post-240492","post","type-post","status-publish","format-standard","has-post-thumbnail","hentry","category-policia"],"_links":{"self":[{"href":"https:\/\/www.ocorreionews.com.br\/acervo-correio\/index.php?rest_route=\/wp\/v2\/posts\/240492","targetHints":{"allow":["GET"]}}],"collection":[{"href":"https:\/\/www.ocorreionews.com.br\/acervo-correio\/index.php?rest_route=\/wp\/v2\/posts"}],"about":[{"href":"https:\/\/www.ocorreionews.com.br\/acervo-correio\/index.php?rest_route=\/wp\/v2\/types\/post"}],"author":[{"embeddable":true,"href":"https:\/\/www.ocorreionews.com.br\/acervo-correio\/index.php?rest_route=\/wp\/v2\/users\/5"}],"replies":[{"embeddable":true,"href":"https:\/\/www.ocorreionews.com.br\/acervo-correio\/index.php?rest_route=%2Fwp%2Fv2%2Fcomments&post=240492"}],"version-history":[{"count":1,"href":"https:\/\/www.ocorreionews.com.br\/acervo-correio\/index.php?rest_route=\/wp\/v2\/posts\/240492\/revisions"}],"predecessor-version":[{"id":240493,"href":"https:\/\/www.ocorreionews.com.br\/acervo-correio\/index.php?rest_route=\/wp\/v2\/posts\/240492\/revisions\/240493"}],"wp:featuredmedia":[{"embeddable":true,"href":"https:\/\/www.ocorreionews.com.br\/acervo-correio\/index.php?rest_route=\/wp\/v2\/media\/149096"}],"wp:attachment":[{"href":"https:\/\/www.ocorreionews.com.br\/acervo-correio\/index.php?rest_route=%2Fwp%2Fv2%2Fmedia&parent=240492"}],"wp:term":[{"taxonomy":"category","embeddable":true,"href":"https:\/\/www.ocorreionews.com.br\/acervo-correio\/index.php?rest_route=%2Fwp%2Fv2%2Fcategories&post=240492"},{"taxonomy":"post_tag","embeddable":true,"href":"https:\/\/www.ocorreionews.com.br\/acervo-correio\/index.php?rest_route=%2Fwp%2Fv2%2Ftags&post=240492"}],"curies":[{"name":"wp","href":"https:\/\/api.w.org\/{rel}","templated":true}]}}