{"id":240548,"date":"2023-05-23T08:18:23","date_gmt":"2023-05-23T12:18:23","guid":{"rendered":"https:\/\/www.ocorreionews.com.br\/acervo-correio\/?p=240548"},"modified":"2023-05-23T08:18:23","modified_gmt":"2023-05-23T12:18:23","slug":"mp-vai-acompanhar-execucao-de-cirurgias-e-exames-pelo-ms-saude-em-todo-o-estado","status":"publish","type":"post","link":"https:\/\/www.ocorreionews.com.br\/acervo-correio\/?p=240548","title":{"rendered":"MP vai acompanhar execu\u00e7\u00e3o de cirurgias e exames pelo MS Sa\u00fade em todo o Estado"},"content":{"rendered":"<blockquote><p><strong>\u00d3rg\u00e3o instaurou procedimento administrativo para acompanhamento, que poder\u00e1 ser acessado por qualquer cidad\u00e3o<\/strong><\/p><\/blockquote>\n<p>Lan\u00e7ado no in\u00edcio deste m\u00eas pelo governo de Mato Grosso do Sul, o programa MS Sa\u00fade &#8211; Mais Sa\u00fade, Menos Fila ter\u00e1 sua execu\u00e7\u00e3o acompanhada pelo MPMS (Minist\u00e9rio P\u00fablico Estadual). O \u00f3rg\u00e3o publicou nesta ter\u00e7a-feira (23) uma portaria que oficializa a supervis\u00e3o.<\/p>\n<p>Uma das medidas que o MPMS vai observar \u00e9 a ades\u00e3o das prefeituras \u00e0s cirurgias eletivas, com destaque aos procedimentos antibullying e reparadores, e aos exames diagn\u00f3sticos. Conforme informou a SES, 32 munic\u00edpios aderiram \u00e0s cirurgias e 15 munic\u00edpios aderiram aos exames na semana passada.<\/p>\n<p>A 32\u00aa Promotoria de Justi\u00e7a de Sa\u00fade P\u00fablica vai acompanhar, de acordo com a publlica\u00e7\u00e3o, &#8220;o cronograma\/previs\u00e3o de execu\u00e7\u00e3o e eventuais iniciativas em caso de in\u00e9rcia\/demora das Secretarias Municipais de Sa\u00fade&#8221;.<\/p>\n<p>O MPMS pede, em especial, que a Sesau (Secretaria Municipal de Sa\u00fade de Campo Grande) e os gestores de estabelecimentos de sa\u00fade contratualizados na Capital, comprovem a ades\u00e3o ao MS Sa\u00fade e informem qual crit\u00e9rio ser\u00e1 utilizado para regula\u00e7\u00e3o dos pacientes que ser\u00e3o atendidos, apresentando proposta dos procedimentos ofertados.<\/p>\n<p>Transpar\u00eancia &#8211; A portaria publicada pelo MPMS autoriza a abertura de processo administrativo pelo \u00f3rg\u00e3o, onde ser\u00e3o anexadas toda a documenta\u00e7\u00e3o relacionada ao acompanhamento.<\/p>\n<p>Qualquer pessoa poder\u00e1 acompanh\u00e1-lo consultando o n\u00famero do processo 09.2023.00005335-1 na p\u00e1gina consultaprocedimento.mpms.mp.br.<\/p>\n<p>Munic\u00edpios &#8211; Conforme a SES informou \u00e0 reportagem, as cidades que aderiram \u00e0s cirurgias eletivas at\u00e9 20 de maio, s\u00e3o Caarap\u00f3, Parana\u00edba, Aparecida do Taboado, Bataguassu, Nova Andradina, Navira\u00ed, Santa Rita do Pardo, Dourados, Sidrol\u00e2ndia, Corumb\u00e1, Itapor\u00e3, Iguatemi, Maracaju,<span style=\"color: #0000ff;\"><em><strong> Chapad\u00e3o do Sul,<\/strong><\/em><\/span> Costa Rica, Coxim, Anast\u00e1cio, Ribas do Rio Pardo, Rio Brilhante, Miranda, Campo Grande, Sonora, S\u00e3o Gabriel do Oeste, Aquidauana, Nova Alvorada do Sul, Bonito, Jardim, Camapu\u00e3, F\u00e1tima do Sul, Cassil\u00e2ndia, Sete Quedas e Tr\u00eas Lagoas.<\/p>\n<p>J\u00e1 as que aderiram aos exames, at\u00e9 a mesma data, s\u00e3o Campo Grande, Tr\u00eas Lagoas, Cassil\u00e2ndia, Miranda, Aquidauana, Maracaju, Sonora, Dourados, Costa Rica, Parana\u00edba, Nova Andradina, Aparecida do Taboado, Corumb\u00e1, Sidrol\u00e2ndia e Ponta Por\u00e3.<\/p>\n<p>O programa &#8211; Ser\u00e3o investidos R$ 52 milh\u00f5es para um mutir\u00e3o de 15 mil cirurgias eletivas em diversas especialidades e 42,5 mil em exames, de acordo com o Governo do Estado. O objetivo do MS Sa\u00fade \u00e9 atender demandas reprimidas por esses procedimentos no SUS (Sistema \u00danico de Sa\u00fade).<\/p>\n<p>Os procedimentos ser\u00e3o pagos individualmente, com valores acima da refer\u00eancia da tabela SUS.<\/p>\n<p>Por Cassia Modena &#8211; CAMPO GRANDE NEWS<\/p>\n","protected":false},"excerpt":{"rendered":"<p>\u00d3rg\u00e3o instaurou procedimento administrativo para acompanhamento, que poder\u00e1 ser acessado por qualquer cidad\u00e3o Lan\u00e7ado no in\u00edcio deste m\u00eas pelo governo de Mato Grosso do Sul, o programa MS Sa\u00fade &#8211; Mais Sa\u00fade, Menos Fila ter\u00e1 sua execu\u00e7\u00e3o acompanhada pelo MPMS (Minist\u00e9rio P\u00fablico Estadual). O \u00f3rg\u00e3o publicou nesta ter\u00e7a-feira (23) uma portaria que oficializa a supervis\u00e3o. [&hellip;]<\/p>\n","protected":false},"author":4,"featured_media":240550,"comment_status":"closed","ping_status":"closed","sticky":false,"template":"","format":"standard","meta":{"footnotes":""},"categories":[39],"tags":[],"class_list":["post-240548","post","type-post","status-publish","format-standard","has-post-thumbnail","hentry","category-saude"],"_links":{"self":[{"href":"https:\/\/www.ocorreionews.com.br\/acervo-correio\/index.php?rest_route=\/wp\/v2\/posts\/240548","targetHints":{"allow":["GET"]}}],"collection":[{"href":"https:\/\/www.ocorreionews.com.br\/acervo-correio\/index.php?rest_route=\/wp\/v2\/posts"}],"about":[{"href":"https:\/\/www.ocorreionews.com.br\/acervo-correio\/index.php?rest_route=\/wp\/v2\/types\/post"}],"author":[{"embeddable":true,"href":"https:\/\/www.ocorreionews.com.br\/acervo-correio\/index.php?rest_route=\/wp\/v2\/users\/4"}],"replies":[{"embeddable":true,"href":"https:\/\/www.ocorreionews.com.br\/acervo-correio\/index.php?rest_route=%2Fwp%2Fv2%2Fcomments&post=240548"}],"version-history":[{"count":1,"href":"https:\/\/www.ocorreionews.com.br\/acervo-correio\/index.php?rest_route=\/wp\/v2\/posts\/240548\/revisions"}],"predecessor-version":[{"id":240551,"href":"https:\/\/www.ocorreionews.com.br\/acervo-correio\/index.php?rest_route=\/wp\/v2\/posts\/240548\/revisions\/240551"}],"wp:featuredmedia":[{"embeddable":true,"href":"https:\/\/www.ocorreionews.com.br\/acervo-correio\/index.php?rest_route=\/wp\/v2\/media\/240550"}],"wp:attachment":[{"href":"https:\/\/www.ocorreionews.com.br\/acervo-correio\/index.php?rest_route=%2Fwp%2Fv2%2Fmedia&parent=240548"}],"wp:term":[{"taxonomy":"category","embeddable":true,"href":"https:\/\/www.ocorreionews.com.br\/acervo-correio\/index.php?rest_route=%2Fwp%2Fv2%2Fcategories&post=240548"},{"taxonomy":"post_tag","embeddable":true,"href":"https:\/\/www.ocorreionews.com.br\/acervo-correio\/index.php?rest_route=%2Fwp%2Fv2%2Ftags&post=240548"}],"curies":[{"name":"wp","href":"https:\/\/api.w.org\/{rel}","templated":true}]}}