{"id":240568,"date":"2023-05-23T09:55:47","date_gmt":"2023-05-23T13:55:47","guid":{"rendered":"https:\/\/www.ocorreionews.com.br\/acervo-correio\/?p=240568"},"modified":"2023-05-23T09:55:47","modified_gmt":"2023-05-23T13:55:47","slug":"ministerio-da-agricultura-declara-emergencia-zoossanitaria-por-180-dias-por-causa-da-gripe-aviaria","status":"publish","type":"post","link":"https:\/\/www.ocorreionews.com.br\/acervo-correio\/?p=240568","title":{"rendered":"Minist\u00e9rio da Agricultura declara emerg\u00eancia zoossanit\u00e1ria por 180 dias por causa da gripe avi\u00e1ria"},"content":{"rendered":"<div id=\"chunk-f60s1\">\n<div class=\"mc-column content-text active-extra-styles \" data-block-type=\"unstyled\" data-block-weight=\"30\" data-block-id=\"3\">\n<p class=\"content-text__container \" data-track-category=\"Link no Texto\" data-track-links=\"\">O Minist\u00e9rio da Agricultura declarou emerg\u00eancia zoossanit\u00e1ria por 180 dias por causa da gripe avi\u00e1ria. A medida foi publicada na edi\u00e7\u00e3o extra do Di\u00e1rio Oficial da Uni\u00e3o desta segunda-feira (22).<\/p>\n<p data-track-category=\"Link no Texto\" data-track-links=\"\">\n<\/div>\n<\/div>\n<div class=\"wall protected-content\">\n<div id=\"chunk-aoe08\">\n<div class=\"mc-column content-text active-extra-styles \" data-block-type=\"unstyled\" data-block-weight=\"45\" data-block-id=\"4\">\n<p class=\"content-text__container \" data-track-category=\"Link no Texto\" data-track-links=\"\">Segundo o governo, at\u00e9 agora, oito casos de H5N1 foram confirmados em aves no Brasil, sendo sete no Esp\u00edrito Santo e um no Rio de Janeiro. Todos os casos envolvem aves silvestres migrat\u00f3rias. N\u00e3o h\u00e1 diagn\u00f3sticos da doen\u00e7a entre humanos ou em aves para consumo.<\/p>\n<p data-track-category=\"Link no Texto\" data-track-links=\"\">\n<\/div>\n<\/div>\n<div id=\"chunk-2n1dm\">\n<div class=\"mc-column content-text active-extra-styles \" data-block-type=\"unstyled\" data-block-weight=\"6\" data-block-id=\"6\">\n<p class=\"content-text__container \" data-track-category=\"Link no Texto\" data-track-links=\"\"><strong>??O que significa estado emerg\u00eancia zoossanit\u00e1ria?<\/strong><\/p>\n<\/div>\n<\/div>\n<p class=\"content-text__container\">\n<div class=\"mc-column content-text active-extra-styles\" data-block-type=\"raw\" data-block-weight=\"89\" data-block-id=\"7\">\n<ul class=\"content-unordered-list\">\n<li>Esse estado \u00e9 declarado sempre que h\u00e1 um<strong> risco de uma doen\u00e7a oriunda de um animal se propagar <\/strong>rapidamente. \u00c9 uma <strong>forma de o governo se antecipar <\/strong>a um surto ou epidemia;<\/li>\n<li>Neste momento, o governo diz que a <strong>medida \u00e9 necess\u00e1ria<\/strong> <strong>para evitar que a doen\u00e7a chegue na produ\u00e7\u00e3o de aves de subsist\u00eancia e comercial<\/strong>, al\u00e9m proteger a fauna e a sa\u00fade humana;<\/li>\n<li>Ao declarar emerg\u00eancia zoossanit\u00e1ria, o governo consegue<strong> destinar recursos<\/strong> e criar a\u00e7\u00f5es de enfrentamento envolvendo minist\u00e9rios, estados e munic\u00edpios <strong>de<\/strong> <strong>maneira mais r\u00e1pida e coordenada.<\/strong><\/li>\n<\/ul>\n<p>&nbsp;<\/p>\n<\/div>\n<div id=\"chunk-70u2b\">\n<div class=\"content-ads content-ads--reveal\" data-block-type=\"ads\" data-block-id=\"8\">\n<div><\/div>\n<\/div>\n<\/div>\n<div id=\"chunk-5t48k\">\n<div class=\"mc-column content-text active-extra-styles \" data-block-type=\"unstyled\" data-block-weight=\"39\" data-block-id=\"9\">\n<p class=\"content-text__container \" data-track-category=\"Link no Texto\" data-track-links=\"\">Como os casos foram confirmados em aves silvestres, o Brasil continua sendo considerado territ\u00f3rio livre de infec\u00e7\u00e3o pelo v\u00edrus da influenza avi\u00e1ria de alta patogenicidade (IAAP),<span class=\"highlight highlighted\"> j\u00e1 que n\u00e3o existem diagn\u00f3sticos na produ\u00e7\u00e3o comercial e para consumo humano<\/span>.<\/p>\n<p data-track-category=\"Link no Texto\" data-track-links=\"\">\n<\/div>\n<\/div>\n<div id=\"chunk-76v3a\">\n<div class=\"mc-column content-text active-extra-styles \" data-block-type=\"unstyled\" data-block-weight=\"17\" data-block-id=\"10\">\n<p class=\"content-text__container \" data-track-category=\"Link no Texto\" data-track-links=\"\">Em linhas gerais, isso significa que os frangos e os ovos dispon\u00edveis nos supermercados n\u00e3o foram impactados.<\/p>\n<\/div>\n<\/div>\n<div id=\"chunk-4hid2\">\n<div class=\"mc-column content-text active-extra-styles \" data-block-type=\"unstyled\" data-block-weight=\"29\" data-block-id=\"11\">\n<p class=\"content-text__container \" data-track-category=\"Link no Texto\" data-track-links=\"\">O Minist\u00e9rio da Agricultura tamb\u00e9m prorrogou por prazo indeterminado a suspens\u00e3o de feiras, exposi\u00e7\u00f5es e outros eventos com aglomera\u00e7\u00e3o de aves. Essa medida foi adotada no fim de mar\u00e7o.<\/p>\n<p data-track-category=\"Link no Texto\" data-track-links=\"\">\n<\/div>\n<\/div>\n<div id=\"chunk-1204r\">\n<div class=\"mc-column content-text active-extra-styles \" data-block-type=\"unstyled\" data-block-weight=\"44\" data-block-id=\"12\">\n<p class=\"content-text__container \" data-track-category=\"Link no Texto\" data-track-links=\"\">A cria\u00e7\u00e3o de aves ao ar livre, com acesso a piquetes sem telas na parte superior, tamb\u00e9m continua suspensa. A determina\u00e7\u00e3o vale para qualquer esp\u00e9cie de aves de produ\u00e7\u00e3o, ornamentais, passeriformes, aves silvestres ou ex\u00f3ticas que estejam em cativeiro ou criadas para outras finalidades.<\/p>\n<p data-track-category=\"Link no Texto\" data-track-links=\"\">\n<\/div>\n<\/div>\n<div id=\"chunk-2bhit\">\n<div class=\"mc-column content-text active-extra-styles \" data-block-type=\"unstyled\" data-block-weight=\"25\" data-block-id=\"13\">\n<p class=\"content-text__container \" data-track-category=\"Link no Texto\" data-track-links=\"\">A gripe avi\u00e1ria n\u00e3o \u00e9 transmitida pelo consumo de aves ou ovos. O minist\u00e9rio orienta para que as pessoas n\u00e3o recolham aves doentes ou mortas.<\/p>\n<p data-track-category=\"Link no Texto\" data-track-links=\"\">\n<p data-track-category=\"Link no Texto\" data-track-links=\"\">Por Wesley Bischoff, g1<\/p>\n<\/div>\n<\/div>\n<\/div>\n","protected":false},"excerpt":{"rendered":"<p>O Minist\u00e9rio da Agricultura declarou emerg\u00eancia zoossanit\u00e1ria por 180 dias por causa da gripe avi\u00e1ria. A medida foi publicada na edi\u00e7\u00e3o extra do Di\u00e1rio Oficial da Uni\u00e3o desta segunda-feira (22). Segundo o governo, at\u00e9 agora, oito casos de H5N1 foram confirmados em aves no Brasil, sendo sete no Esp\u00edrito Santo e um no Rio de [&hellip;]<\/p>\n","protected":false},"author":5,"featured_media":240573,"comment_status":"closed","ping_status":"closed","sticky":false,"template":"","format":"standard","meta":{"footnotes":""},"categories":[17],"tags":[],"class_list":["post-240568","post","type-post","status-publish","format-standard","has-post-thumbnail","hentry","category-agropecuaria"],"_links":{"self":[{"href":"https:\/\/www.ocorreionews.com.br\/acervo-correio\/index.php?rest_route=\/wp\/v2\/posts\/240568","targetHints":{"allow":["GET"]}}],"collection":[{"href":"https:\/\/www.ocorreionews.com.br\/acervo-correio\/index.php?rest_route=\/wp\/v2\/posts"}],"about":[{"href":"https:\/\/www.ocorreionews.com.br\/acervo-correio\/index.php?rest_route=\/wp\/v2\/types\/post"}],"author":[{"embeddable":true,"href":"https:\/\/www.ocorreionews.com.br\/acervo-correio\/index.php?rest_route=\/wp\/v2\/users\/5"}],"replies":[{"embeddable":true,"href":"https:\/\/www.ocorreionews.com.br\/acervo-correio\/index.php?rest_route=%2Fwp%2Fv2%2Fcomments&post=240568"}],"version-history":[{"count":1,"href":"https:\/\/www.ocorreionews.com.br\/acervo-correio\/index.php?rest_route=\/wp\/v2\/posts\/240568\/revisions"}],"predecessor-version":[{"id":240574,"href":"https:\/\/www.ocorreionews.com.br\/acervo-correio\/index.php?rest_route=\/wp\/v2\/posts\/240568\/revisions\/240574"}],"wp:featuredmedia":[{"embeddable":true,"href":"https:\/\/www.ocorreionews.com.br\/acervo-correio\/index.php?rest_route=\/wp\/v2\/media\/240573"}],"wp:attachment":[{"href":"https:\/\/www.ocorreionews.com.br\/acervo-correio\/index.php?rest_route=%2Fwp%2Fv2%2Fmedia&parent=240568"}],"wp:term":[{"taxonomy":"category","embeddable":true,"href":"https:\/\/www.ocorreionews.com.br\/acervo-correio\/index.php?rest_route=%2Fwp%2Fv2%2Fcategories&post=240568"},{"taxonomy":"post_tag","embeddable":true,"href":"https:\/\/www.ocorreionews.com.br\/acervo-correio\/index.php?rest_route=%2Fwp%2Fv2%2Ftags&post=240568"}],"curies":[{"name":"wp","href":"https:\/\/api.w.org\/{rel}","templated":true}]}}