{"id":240570,"date":"2023-05-23T09:51:07","date_gmt":"2023-05-23T13:51:07","guid":{"rendered":"https:\/\/www.ocorreionews.com.br\/acervo-correio\/?p=240570"},"modified":"2023-05-23T09:51:07","modified_gmt":"2023-05-23T13:51:07","slug":"equipes-sub-17-masculina-e-feminina-de-alcinopolis-participam-dos-jogos-escolares-da-juventude-de-ms","status":"publish","type":"post","link":"https:\/\/www.ocorreionews.com.br\/acervo-correio\/?p=240570","title":{"rendered":"Equipes sub 17 masculina e feminina de Alcin\u00f3polis participam dos Jogos Escolares da Juventude de MS"},"content":{"rendered":"<p class=\"x_MsoNormal\">\u00a0As Equipes de Futsal Masculino Feminino de Alcin\u00f3polis Sub 17 embarcaram rumo \u00e0 Campo Grande para participarem, no per\u00edodo de 22 a 28 de maio, dos Jogos Escolares da Juventude de MS (15 a 17 anos). O evento \u00e9 realizado pelo Governo do Estado, atrav\u00e9s da Fundesporte e ter\u00e1 a participa\u00e7\u00e3o total de 61 munic\u00edpios na modalidade de futsal masculino e feminino.<\/p>\n<p class=\"x_MsoNormal\">A delega\u00e7\u00e3o de Alcin\u00f3polis \u00e9 composta por 18 atletas, que estar\u00e3o representando n\u00e3o s\u00f3 o munic\u00edpio, como tamb\u00e9m a Escola Estadual Prof.\u00aa Romilda Costa Carneiro, na maior competi\u00e7\u00e3o escolar do estado.<\/p>\n<p class=\"x_MsoNormal\">Est\u00e3o acompanhando os alunos, a t\u00e9cnica das equipes Professora Carliane Barbosa, o Auxiliar T\u00e9cnico Professor Pablo Ferraz e o Diretor de Desporto Valcimar Pereira.<\/p>\n<p class=\"x_MsoNormal\" aria-hidden=\"true\">\n<p class=\"x_MsoNormal\">Apoio: Prefeitura de Alcin\u00f3polis, atrav\u00e9s da Secretaria Municipal de Educa\u00e7\u00e3o, Cultura e Esportes.<\/p>\n<p class=\"x_MsoNormal\">\u00a0 \u00a0 \u00a0 \u00a0 \u00a0 \u00a0 \u00a0 \u00a0 \u00a0 \u00a0 Simone Elias Nogueira<\/p>\n<p class=\"x_MsoNormal\">Assessora de Comunica\u00e7\u00e3o &#8211; Prefeitura de Alcin\u00f3polis<\/p>\n","protected":false},"excerpt":{"rendered":"<p>\u00a0As Equipes de Futsal Masculino Feminino de Alcin\u00f3polis Sub 17 embarcaram rumo \u00e0 Campo Grande para participarem, no per\u00edodo de 22 a 28 de maio, dos Jogos Escolares da Juventude de MS (15 a 17 anos). O evento \u00e9 realizado pelo Governo do Estado, atrav\u00e9s da Fundesporte e ter\u00e1 a participa\u00e7\u00e3o total de 61 munic\u00edpios [&hellip;]<\/p>\n","protected":false},"author":4,"featured_media":240571,"comment_status":"closed","ping_status":"closed","sticky":false,"template":"","format":"standard","meta":{"footnotes":""},"categories":[18,29],"tags":[],"class_list":["post-240570","post","type-post","status-publish","format-standard","has-post-thumbnail","hentry","category-alcinopolis","category-esporte"],"_links":{"self":[{"href":"https:\/\/www.ocorreionews.com.br\/acervo-correio\/index.php?rest_route=\/wp\/v2\/posts\/240570","targetHints":{"allow":["GET"]}}],"collection":[{"href":"https:\/\/www.ocorreionews.com.br\/acervo-correio\/index.php?rest_route=\/wp\/v2\/posts"}],"about":[{"href":"https:\/\/www.ocorreionews.com.br\/acervo-correio\/index.php?rest_route=\/wp\/v2\/types\/post"}],"author":[{"embeddable":true,"href":"https:\/\/www.ocorreionews.com.br\/acervo-correio\/index.php?rest_route=\/wp\/v2\/users\/4"}],"replies":[{"embeddable":true,"href":"https:\/\/www.ocorreionews.com.br\/acervo-correio\/index.php?rest_route=%2Fwp%2Fv2%2Fcomments&post=240570"}],"version-history":[{"count":1,"href":"https:\/\/www.ocorreionews.com.br\/acervo-correio\/index.php?rest_route=\/wp\/v2\/posts\/240570\/revisions"}],"predecessor-version":[{"id":240572,"href":"https:\/\/www.ocorreionews.com.br\/acervo-correio\/index.php?rest_route=\/wp\/v2\/posts\/240570\/revisions\/240572"}],"wp:featuredmedia":[{"embeddable":true,"href":"https:\/\/www.ocorreionews.com.br\/acervo-correio\/index.php?rest_route=\/wp\/v2\/media\/240571"}],"wp:attachment":[{"href":"https:\/\/www.ocorreionews.com.br\/acervo-correio\/index.php?rest_route=%2Fwp%2Fv2%2Fmedia&parent=240570"}],"wp:term":[{"taxonomy":"category","embeddable":true,"href":"https:\/\/www.ocorreionews.com.br\/acervo-correio\/index.php?rest_route=%2Fwp%2Fv2%2Fcategories&post=240570"},{"taxonomy":"post_tag","embeddable":true,"href":"https:\/\/www.ocorreionews.com.br\/acervo-correio\/index.php?rest_route=%2Fwp%2Fv2%2Ftags&post=240570"}],"curies":[{"name":"wp","href":"https:\/\/api.w.org\/{rel}","templated":true}]}}