{"id":240579,"date":"2023-05-23T10:18:33","date_gmt":"2023-05-23T14:18:33","guid":{"rendered":"https:\/\/www.ocorreionews.com.br\/acervo-correio\/?p=240579"},"modified":"2023-05-23T10:18:33","modified_gmt":"2023-05-23T14:18:33","slug":"prefeito-e-secretario-de-figueirao-iniciam-a-semana-visitando-obras","status":"publish","type":"post","link":"https:\/\/www.ocorreionews.com.br\/acervo-correio\/?p=240579","title":{"rendered":"Prefeito e secret\u00e1rio de Figueir\u00e3o iniciam a semana visitando obras"},"content":{"rendered":"<p>O Prefeito Juvenal, juntamente com Secret\u00e1rio Municipal de Obras, Denivan, e com o vereador Abadio, visitaram hoje, 22\/05 (segunda-feira), a reforma da ponte do C\u00f3rrego Piraputanga, estrada sentido \u00e0 fazenda do Mirassol. A obra est\u00e1 sendo executada pela empresa NCG Constru\u00e7\u00f5es Eireli com previs\u00e3o de conclus\u00e3o e libera\u00e7\u00e3o para o tr\u00e1fego estipuladas dentro de um prazo de 30 dias.<\/p>\n<h3><img decoding=\"async\" src=\"https:\/\/regionalms.com.br\/conteudo\/regionalms\/upp\/articles\/2022-02\/pasta\/Piraputanga.jpg\" alt=\"\" width=\"100%\" \/><\/h3>\n<p>As autoridades seguiram at\u00e9 a estrada da furna do Piraputanga, que est\u00e1 recebendo investimentos de melhorias no que tange \u00e0 adequa\u00e7\u00e3o e cascalhamento, a\u00e7\u00f5es realizadas atrav\u00e9s de uma parceria entre o Governo do Estado e a Prefeitura de Figueir\u00e3o.<\/p>\n<h3><img decoding=\"async\" src=\"https:\/\/regionalms.com.br\/conteudo\/regionalms\/upp\/articles\/2022-02\/pasta\/Estrada.jpg\" alt=\"\" width=\"100%\" \/><\/h3>\n<p>Na oportunidade, o prefeito Juvenal e o secret\u00e1rio visitaram as ruas do bairro Pequi, as quais j\u00e1 receberam drenagem e agora o Executivo iniciou as obras de pavimenta\u00e7\u00e3o, fruto de mais uma parceria com Governado do Estado.<\/p>\n<h3><img decoding=\"async\" src=\"https:\/\/regionalms.com.br\/conteudo\/regionalms\/upp\/articles\/2022-02\/pasta\/Bairropequi.jpg\" alt=\"\" width=\"100%\" \/><\/h3>\n<p>O secret\u00e1rio e o prefeito finalizaram as visitas na obra da constru\u00e7\u00e3o da ponte do C\u00f3rrego da Mata.<\/p>\n<p><img decoding=\"async\" src=\"https:\/\/regionalms.com.br\/conteudo\/regionalms\/upp\/articles\/2022-02\/pasta\/Mata.jpg\" alt=\"\" width=\"100%\" \/>\u00a0&#8220;As demandas dos moradores da zona rural de toda regi\u00e3o e do per\u00edmetro urbano, est\u00e3o sendo ouvidas atentamente e atendidas conforme o cronograma de a\u00e7\u00f5es&#8221;, explica o Prefeito Juvenal. &#8220;Tenho absoluta certeza de que o munic\u00edpio ser\u00e1 muito beneficiado com os trabalhos que nossa equipe tem realizado e que ainda realizaremos muito mais a\u00e7\u00f5es ao longo da nossa gest\u00e3o\u201d, finaliza o Prefeito.<\/p>\n<p>Jornalista Bruna regionalms<\/p>\n","protected":false},"excerpt":{"rendered":"<p>O Prefeito Juvenal, juntamente com Secret\u00e1rio Municipal de Obras, Denivan, e com o vereador Abadio, visitaram hoje, 22\/05 (segunda-feira), a reforma da ponte do C\u00f3rrego Piraputanga, estrada sentido \u00e0 fazenda do Mirassol. A obra est\u00e1 sendo executada pela empresa NCG Constru\u00e7\u00f5es Eireli com previs\u00e3o de conclus\u00e3o e libera\u00e7\u00e3o para o tr\u00e1fego estipuladas dentro de um [&hellip;]<\/p>\n","protected":false},"author":4,"featured_media":240580,"comment_status":"closed","ping_status":"closed","sticky":false,"template":"","format":"standard","meta":{"footnotes":""},"categories":[30],"tags":[],"class_list":["post-240579","post","type-post","status-publish","format-standard","has-post-thumbnail","hentry","category-figueirao"],"_links":{"self":[{"href":"https:\/\/www.ocorreionews.com.br\/acervo-correio\/index.php?rest_route=\/wp\/v2\/posts\/240579","targetHints":{"allow":["GET"]}}],"collection":[{"href":"https:\/\/www.ocorreionews.com.br\/acervo-correio\/index.php?rest_route=\/wp\/v2\/posts"}],"about":[{"href":"https:\/\/www.ocorreionews.com.br\/acervo-correio\/index.php?rest_route=\/wp\/v2\/types\/post"}],"author":[{"embeddable":true,"href":"https:\/\/www.ocorreionews.com.br\/acervo-correio\/index.php?rest_route=\/wp\/v2\/users\/4"}],"replies":[{"embeddable":true,"href":"https:\/\/www.ocorreionews.com.br\/acervo-correio\/index.php?rest_route=%2Fwp%2Fv2%2Fcomments&post=240579"}],"version-history":[{"count":1,"href":"https:\/\/www.ocorreionews.com.br\/acervo-correio\/index.php?rest_route=\/wp\/v2\/posts\/240579\/revisions"}],"predecessor-version":[{"id":240581,"href":"https:\/\/www.ocorreionews.com.br\/acervo-correio\/index.php?rest_route=\/wp\/v2\/posts\/240579\/revisions\/240581"}],"wp:featuredmedia":[{"embeddable":true,"href":"https:\/\/www.ocorreionews.com.br\/acervo-correio\/index.php?rest_route=\/wp\/v2\/media\/240580"}],"wp:attachment":[{"href":"https:\/\/www.ocorreionews.com.br\/acervo-correio\/index.php?rest_route=%2Fwp%2Fv2%2Fmedia&parent=240579"}],"wp:term":[{"taxonomy":"category","embeddable":true,"href":"https:\/\/www.ocorreionews.com.br\/acervo-correio\/index.php?rest_route=%2Fwp%2Fv2%2Fcategories&post=240579"},{"taxonomy":"post_tag","embeddable":true,"href":"https:\/\/www.ocorreionews.com.br\/acervo-correio\/index.php?rest_route=%2Fwp%2Fv2%2Ftags&post=240579"}],"curies":[{"name":"wp","href":"https:\/\/api.w.org\/{rel}","templated":true}]}}