{"id":240590,"date":"2023-05-23T10:28:33","date_gmt":"2023-05-23T14:28:33","guid":{"rendered":"https:\/\/www.ocorreionews.com.br\/acervo-correio\/?p=240590"},"modified":"2023-05-23T10:28:33","modified_gmt":"2023-05-23T14:28:33","slug":"qual-o-motivo-o-preco-da-do-boi-cai-e-o-preco-da-carne-nao-abaixa-para-consumidor","status":"publish","type":"post","link":"https:\/\/www.ocorreionews.com.br\/acervo-correio\/?p=240590","title":{"rendered":"Qual o motivo o pre\u00e7o da @ do boi cai e o pre\u00e7o da carne n\u00e3o abaixa para consumidor"},"content":{"rendered":"<div class=\"news-content editor-content-entry\">\n<p>A cota\u00e7\u00e3o da arroba do boi gordo come\u00e7ou a ter\u00e7a-feira (23) com queda no pre\u00e7o e o produto \u00e9 negociado a R$ 263,55\u00a0em S\u00e3o Paulo.<\/p>\n<p>Mas o pre\u00e7o da carne nos supermercados e a\u00e7ougues continuam amargos e n\u00e3o tem quedas. Qual o Motivo?<\/p>\n<p>O pre\u00e7o do quilo do frango congelado se manteve est\u00e1vel e \u00e9 vendido a R$ 6,57. O pre\u00e7o do quilo do frango resfriado tamb\u00e9m se manteve est\u00e1vel\u00a0e a mercadoria \u00e9 comercializada a R$ 6,58.<\/p>\n<p>No mercado financeiro, o pre\u00e7o da carca\u00e7a su\u00edna especial caiu 1,91% e a mercadoria \u00e9 comercializada a\u00a0R$ 6,77. Em Minas Gerais, o su\u00edno vivo tamb\u00e9m \u00e9 vendido a R$ 6,57. No Paran\u00e1, o produto \u00e9 comercializado \u00e0 vista a R$ 6,26.<\/p>\n<p>Cm tudo isso\u00a0 caindo de pre\u00e7o,<\/p>\n<p>Os valores s\u00e3o do Cepea.<\/p>\n<p>Fonte: <a href=\"https:\/\/brasil61.com\/n\/indicadores-boi-gordo-registra-queda-no-preco-nesta-terca-23-pagr234032\" target=\"_blank\" rel=\"noopener\">Brasil 61<\/a><\/p>\n<\/div>\n","protected":false},"excerpt":{"rendered":"<p>A cota\u00e7\u00e3o da arroba do boi gordo come\u00e7ou a ter\u00e7a-feira (23) com queda no pre\u00e7o e o produto \u00e9 negociado a R$ 263,55\u00a0em S\u00e3o Paulo. Mas o pre\u00e7o da carne nos supermercados e a\u00e7ougues continuam amargos e n\u00e3o tem quedas. Qual o Motivo? O pre\u00e7o do quilo do frango congelado se manteve est\u00e1vel e \u00e9 [&hellip;]<\/p>\n","protected":false},"author":4,"featured_media":103341,"comment_status":"closed","ping_status":"closed","sticky":false,"template":"","format":"standard","meta":{"footnotes":""},"categories":[26],"tags":[],"class_list":["post-240590","post","type-post","status-publish","format-standard","has-post-thumbnail","hentry","category-economia"],"_links":{"self":[{"href":"https:\/\/www.ocorreionews.com.br\/acervo-correio\/index.php?rest_route=\/wp\/v2\/posts\/240590","targetHints":{"allow":["GET"]}}],"collection":[{"href":"https:\/\/www.ocorreionews.com.br\/acervo-correio\/index.php?rest_route=\/wp\/v2\/posts"}],"about":[{"href":"https:\/\/www.ocorreionews.com.br\/acervo-correio\/index.php?rest_route=\/wp\/v2\/types\/post"}],"author":[{"embeddable":true,"href":"https:\/\/www.ocorreionews.com.br\/acervo-correio\/index.php?rest_route=\/wp\/v2\/users\/4"}],"replies":[{"embeddable":true,"href":"https:\/\/www.ocorreionews.com.br\/acervo-correio\/index.php?rest_route=%2Fwp%2Fv2%2Fcomments&post=240590"}],"version-history":[{"count":1,"href":"https:\/\/www.ocorreionews.com.br\/acervo-correio\/index.php?rest_route=\/wp\/v2\/posts\/240590\/revisions"}],"predecessor-version":[{"id":240592,"href":"https:\/\/www.ocorreionews.com.br\/acervo-correio\/index.php?rest_route=\/wp\/v2\/posts\/240590\/revisions\/240592"}],"wp:featuredmedia":[{"embeddable":true,"href":"https:\/\/www.ocorreionews.com.br\/acervo-correio\/index.php?rest_route=\/wp\/v2\/media\/103341"}],"wp:attachment":[{"href":"https:\/\/www.ocorreionews.com.br\/acervo-correio\/index.php?rest_route=%2Fwp%2Fv2%2Fmedia&parent=240590"}],"wp:term":[{"taxonomy":"category","embeddable":true,"href":"https:\/\/www.ocorreionews.com.br\/acervo-correio\/index.php?rest_route=%2Fwp%2Fv2%2Fcategories&post=240590"},{"taxonomy":"post_tag","embeddable":true,"href":"https:\/\/www.ocorreionews.com.br\/acervo-correio\/index.php?rest_route=%2Fwp%2Fv2%2Ftags&post=240590"}],"curies":[{"name":"wp","href":"https:\/\/api.w.org\/{rel}","templated":true}]}}