{"id":240643,"date":"2023-05-24T07:16:56","date_gmt":"2023-05-24T11:16:56","guid":{"rendered":"https:\/\/www.ocorreionews.com.br\/acervo-correio\/?p=240643"},"modified":"2023-05-24T07:19:18","modified_gmt":"2023-05-24T11:19:18","slug":"presidente-do-sindicato-walter-schlatter-conferiu-o-andamento-das-obras-na-exposul","status":"publish","type":"post","link":"https:\/\/www.ocorreionews.com.br\/acervo-correio\/?p=240643","title":{"rendered":"Presidente do Sindicato Walter Schlatter conferiu o andamento das obras na Exposul"},"content":{"rendered":"<p>O presidente do Sindicato Rural de Chapad\u00e3o do Sul, Walter Schlatter, e o vice-presidente, Maiquel de Gasperi, conferiram de perto o espa\u00e7o dedicado \u00e0s &#8220;Pequenas Empresas, Grandes Neg\u00f3cios&#8221; da feira.<\/p>\n<p>O stand das &#8220;Pequenas Empresas, Grandes Neg\u00f3cios&#8221; \u00e9 um local estrat\u00e9gico e privilegiado, de frente para a nova bilheteria na Avenida Goi\u00e1s. Aqui, os empres\u00e1rios ter\u00e3o a oportunidade de expor seus produtos e servi\u00e7os, sem a necessidade de contratar um stand completo.<\/p>\n<p><a href=\"https:\/\/www.ocorreionews.com.br\/acervo-correio\/wp-content\/uploads\/2023\/05\/valter-obras2.png\"><img loading=\"lazy\" decoding=\"async\" class=\"alignnone size-full wp-image-240648\" src=\"https:\/\/www.ocorreionews.com.br\/acervo-correio\/wp-content\/uploads\/2023\/05\/valter-obras2.png\" alt=\"\" width=\"720\" height=\"522\" srcset=\"https:\/\/www.ocorreionews.com.br\/acervo-correio\/wp-content\/uploads\/2023\/05\/valter-obras2.png 720w, https:\/\/www.ocorreionews.com.br\/acervo-correio\/wp-content\/uploads\/2023\/05\/valter-obras2-300x218.png 300w\" sizes=\"auto, (max-width: 720px) 100vw, 720px\" \/><\/a><\/p>\n<p>Essa iniciativa visa valorizar e incentivar os empreendedores locais, oferecendo-lhes uma vitrine para mostrar seu trabalho e ampliar seu alcance de clientes. \u00c9 uma verdadeira oportunidade de crescimento para as pequenas empresas da nossa regi\u00e3o.<\/p>\n<p>Com essa localiza\u00e7\u00e3o estrat\u00e9gica, os expositores ter\u00e3o uma visibilidade ainda maior, alcan\u00e7ando um p\u00fablico amplo e diversificado que visita a Exposul.<\/p>\n<p><a href=\"https:\/\/www.ocorreionews.com.br\/acervo-correio\/wp-content\/uploads\/2023\/05\/valter-obras22.png\"><img loading=\"lazy\" decoding=\"async\" class=\"alignnone size-full wp-image-240649\" src=\"https:\/\/www.ocorreionews.com.br\/acervo-correio\/wp-content\/uploads\/2023\/05\/valter-obras22.png\" alt=\"\" width=\"720\" height=\"456\" srcset=\"https:\/\/www.ocorreionews.com.br\/acervo-correio\/wp-content\/uploads\/2023\/05\/valter-obras22.png 720w, https:\/\/www.ocorreionews.com.br\/acervo-correio\/wp-content\/uploads\/2023\/05\/valter-obras22-300x190.png 300w\" sizes=\"auto, (max-width: 720px) 100vw, 720px\" \/><\/a><\/p>\n<p>A NOVA EXPOSUL est\u00e1 cheia de novidades e oportunidades incr\u00edveis! Fique ligado em nossas redes sociais para acompanhar todas as atualiza\u00e7\u00f5es e n\u00e3o perca a chance de prestigiar as &#8220;Pequenas Empresas, Grandes Neg\u00f3cios&#8221;.<\/p>\n<p>Assessoria Imprensa Sindicato<\/p>\n","protected":false},"excerpt":{"rendered":"<p>O presidente do Sindicato Rural de Chapad\u00e3o do Sul, Walter Schlatter, e o vice-presidente, Maiquel de Gasperi, conferiram de perto o espa\u00e7o dedicado \u00e0s &#8220;Pequenas Empresas, Grandes Neg\u00f3cios&#8221; da feira. O stand das &#8220;Pequenas Empresas, Grandes Neg\u00f3cios&#8221; \u00e9 um local estrat\u00e9gico e privilegiado, de frente para a nova bilheteria na Avenida Goi\u00e1s. Aqui, os empres\u00e1rios [&hellip;]<\/p>\n","protected":false},"author":4,"featured_media":240650,"comment_status":"closed","ping_status":"closed","sticky":false,"template":"","format":"standard","meta":{"footnotes":""},"categories":[23,41],"tags":[],"class_list":["post-240643","post","type-post","status-publish","format-standard","has-post-thumbnail","hentry","category-chapadao-do-sul","category-destaque"],"_links":{"self":[{"href":"https:\/\/www.ocorreionews.com.br\/acervo-correio\/index.php?rest_route=\/wp\/v2\/posts\/240643","targetHints":{"allow":["GET"]}}],"collection":[{"href":"https:\/\/www.ocorreionews.com.br\/acervo-correio\/index.php?rest_route=\/wp\/v2\/posts"}],"about":[{"href":"https:\/\/www.ocorreionews.com.br\/acervo-correio\/index.php?rest_route=\/wp\/v2\/types\/post"}],"author":[{"embeddable":true,"href":"https:\/\/www.ocorreionews.com.br\/acervo-correio\/index.php?rest_route=\/wp\/v2\/users\/4"}],"replies":[{"embeddable":true,"href":"https:\/\/www.ocorreionews.com.br\/acervo-correio\/index.php?rest_route=%2Fwp%2Fv2%2Fcomments&post=240643"}],"version-history":[{"count":1,"href":"https:\/\/www.ocorreionews.com.br\/acervo-correio\/index.php?rest_route=\/wp\/v2\/posts\/240643\/revisions"}],"predecessor-version":[{"id":240651,"href":"https:\/\/www.ocorreionews.com.br\/acervo-correio\/index.php?rest_route=\/wp\/v2\/posts\/240643\/revisions\/240651"}],"wp:featuredmedia":[{"embeddable":true,"href":"https:\/\/www.ocorreionews.com.br\/acervo-correio\/index.php?rest_route=\/wp\/v2\/media\/240650"}],"wp:attachment":[{"href":"https:\/\/www.ocorreionews.com.br\/acervo-correio\/index.php?rest_route=%2Fwp%2Fv2%2Fmedia&parent=240643"}],"wp:term":[{"taxonomy":"category","embeddable":true,"href":"https:\/\/www.ocorreionews.com.br\/acervo-correio\/index.php?rest_route=%2Fwp%2Fv2%2Fcategories&post=240643"},{"taxonomy":"post_tag","embeddable":true,"href":"https:\/\/www.ocorreionews.com.br\/acervo-correio\/index.php?rest_route=%2Fwp%2Fv2%2Ftags&post=240643"}],"curies":[{"name":"wp","href":"https:\/\/api.w.org\/{rel}","templated":true}]}}