{"id":240659,"date":"2023-05-24T07:27:46","date_gmt":"2023-05-24T11:27:46","guid":{"rendered":"https:\/\/www.ocorreionews.com.br\/acervo-correio\/?p=240659"},"modified":"2023-05-24T07:27:46","modified_gmt":"2023-05-24T11:27:46","slug":"prf-apreende-quase-meia-tonelada-de-cocaina-em-ms","status":"publish","type":"post","link":"https:\/\/www.ocorreionews.com.br\/acervo-correio\/?p=240659","title":{"rendered":"PRF apreende quase meia tonelada de coca\u00edna em MS"},"content":{"rendered":"<div>Durante uma fiscaliza\u00e7\u00e3o de rotina na BR-158, a Pol\u00edcia Rodovi\u00e1ria Federal (PRF) apreendeu 393 kg de pasta base de coca\u00edna, na noite desta segunda-feira (22), em Parana\u00edba &#8211; MS.<\/div>\n<div><\/div>\n<div>Os policiais abordaram um caminh\u00e3o VW\/25.390, acoplado a um semirreboque carregado com madeiras. Durante a entrevista, os policiais desconfiaram do nervosismo apresentado pelo motorista.<\/div>\n<div><\/div>\n<div>Ap\u00f3s uma busca detalhada no reboque, a equipe descobriu que debaixo das madeiras estavam escondidos os tabletes de pasta base de coca\u00edna.<\/div>\n<div><\/div>\n<div>Questionado, o motorista confessou ter feito o carregamento em Mato Grosso e que deveria entreg\u00e1-lo no interior de S\u00e3o Paulo. Pelo transporte, disse que receberia R$ 20.000,00.<\/div>\n<div><\/div>\n<div>O preso, a coca\u00edna e o caminh\u00e3o foram encaminhados \u00e0 Delegacia de Pol\u00edcia Civil em Parana\u00edba.<\/div>\n<div><\/div>\n<div>Apreens\u00e3o representa um preju\u00edzo em mais de 47 milh\u00f5es de reais para o crime organizado<\/div>\n<p>&nbsp;<\/p>\n<p>Por Ana Beatriz Rodrigues &#8211; CAMPO GRANDE NEWS<\/p>\n","protected":false},"excerpt":{"rendered":"<p>Durante uma fiscaliza\u00e7\u00e3o de rotina na BR-158, a Pol\u00edcia Rodovi\u00e1ria Federal (PRF) apreendeu 393 kg de pasta base de coca\u00edna, na noite desta segunda-feira (22), em Parana\u00edba &#8211; MS. Os policiais abordaram um caminh\u00e3o VW\/25.390, acoplado a um semirreboque carregado com madeiras. Durante a entrevista, os policiais desconfiaram do nervosismo apresentado pelo motorista. Ap\u00f3s uma [&hellip;]<\/p>\n","protected":false},"author":5,"featured_media":240661,"comment_status":"closed","ping_status":"closed","sticky":false,"template":"","format":"standard","meta":{"footnotes":""},"categories":[38],"tags":[],"class_list":["post-240659","post","type-post","status-publish","format-standard","has-post-thumbnail","hentry","category-policia"],"_links":{"self":[{"href":"https:\/\/www.ocorreionews.com.br\/acervo-correio\/index.php?rest_route=\/wp\/v2\/posts\/240659","targetHints":{"allow":["GET"]}}],"collection":[{"href":"https:\/\/www.ocorreionews.com.br\/acervo-correio\/index.php?rest_route=\/wp\/v2\/posts"}],"about":[{"href":"https:\/\/www.ocorreionews.com.br\/acervo-correio\/index.php?rest_route=\/wp\/v2\/types\/post"}],"author":[{"embeddable":true,"href":"https:\/\/www.ocorreionews.com.br\/acervo-correio\/index.php?rest_route=\/wp\/v2\/users\/5"}],"replies":[{"embeddable":true,"href":"https:\/\/www.ocorreionews.com.br\/acervo-correio\/index.php?rest_route=%2Fwp%2Fv2%2Fcomments&post=240659"}],"version-history":[{"count":1,"href":"https:\/\/www.ocorreionews.com.br\/acervo-correio\/index.php?rest_route=\/wp\/v2\/posts\/240659\/revisions"}],"predecessor-version":[{"id":240663,"href":"https:\/\/www.ocorreionews.com.br\/acervo-correio\/index.php?rest_route=\/wp\/v2\/posts\/240659\/revisions\/240663"}],"wp:featuredmedia":[{"embeddable":true,"href":"https:\/\/www.ocorreionews.com.br\/acervo-correio\/index.php?rest_route=\/wp\/v2\/media\/240661"}],"wp:attachment":[{"href":"https:\/\/www.ocorreionews.com.br\/acervo-correio\/index.php?rest_route=%2Fwp%2Fv2%2Fmedia&parent=240659"}],"wp:term":[{"taxonomy":"category","embeddable":true,"href":"https:\/\/www.ocorreionews.com.br\/acervo-correio\/index.php?rest_route=%2Fwp%2Fv2%2Fcategories&post=240659"},{"taxonomy":"post_tag","embeddable":true,"href":"https:\/\/www.ocorreionews.com.br\/acervo-correio\/index.php?rest_route=%2Fwp%2Fv2%2Ftags&post=240659"}],"curies":[{"name":"wp","href":"https:\/\/api.w.org\/{rel}","templated":true}]}}