{"id":240660,"date":"2023-05-24T07:30:03","date_gmt":"2023-05-24T11:30:03","guid":{"rendered":"https:\/\/www.ocorreionews.com.br\/acervo-correio\/?p=240660"},"modified":"2023-05-24T10:50:48","modified_gmt":"2023-05-24T14:50:48","slug":"crianca-sofre-traumatismo-craniano-ao-cair-enquanto-brincava-em-corrimao-de-onibus-em-ms","status":"publish","type":"post","link":"https:\/\/www.ocorreionews.com.br\/acervo-correio\/?p=240660","title":{"rendered":"Crian\u00e7a sofre traumatismo craniano ao cair enquanto brincava em corrim\u00e3o de \u00f4nibus em MS"},"content":{"rendered":"<p>Na ultima segunda-feira (22), um menino, de 9 anos, foi socorrido em estado grave ap\u00f3s sofrer um traumatismo craniano decorrente de uma queda no \u00f4nibus enquanto brincava nos corrim\u00f5es do transporte escolar, no retorno para sua casa em Nova Andradina &#8211; a 300 quil\u00f4metros de Campo Grande.<\/p>\n<p>O acidente aconteceu enquanto o ve\u00edculo escolar fazia o trecho da linha rural da Fazenda Cachoeir\u00e3o, a 80 quil\u00f4metros da zona urbana. A situa\u00e7\u00e3o envolvendo a crian\u00e7a foi confirmada pela Secretaria Municipal de Educa\u00e7\u00e3o da cidade, que divulgou uma nota sobre o caso.<\/p>\n<p>Conforme a secretaria, o menino estava brincando com outros amigos nos corrim\u00f5es do \u00f4nibus, quando se soltou e cair na escada, batendo com viol\u00eancia na porta traseira, a ponto de ser arremessado para fora do \u00f4nibus. Demais alunos e o pr\u00f3prio motorista teriam confirmado a vers\u00e3o.<\/p>\n<p>Inclusive, o motorista \u00e9 quem socorreu a v\u00edtima, encaminhando a crian\u00e7a para o Hospital Regional Francisco Dantas Mani\u00e7oba.<\/p>\n<p>Por\u00e9m, devido \u00e0 gravidade dos ferimentos e em virtude do traumatismo craniano, o menino foi transferido em coma induzido para um hospital de Dourados. &#8220;O Governo Municipal, atrav\u00e9s de sua Secretaria de Educa\u00e7\u00e3o, prestar\u00e1 o suporte necess\u00e1rio para a fam\u00edlia e \u00e0 crian\u00e7a, aguardando seu pronto restabelecimento&#8221;, diz trecho da nota.<\/p>\n<p>Ao site Nova News, o Hospital Universit\u00e1rio de Dourados informou que a crian\u00e7a segue em ventila\u00e7\u00e3o mec\u00e2nica, respira por aparelhos em estado grav\u00edssimo, com edema cerebral pelo traumatismo.<\/p>\n<p>A v\u00edtima continua sob os cuidados da UTI (Unidade de Terapia Intensiva) pedi\u00e1trica e equipe de neurocirurgi\u00e3o.<\/p>\n<p>&nbsp;<\/p>\n<p>*Top M\u00eddia News, Vinicius Costa<\/p>\n","protected":false},"excerpt":{"rendered":"<p>Na ultima segunda-feira (22), um menino, de 9 anos, foi socorrido em estado grave ap\u00f3s sofrer um traumatismo craniano decorrente de uma queda no \u00f4nibus enquanto brincava nos corrim\u00f5es do transporte escolar, no retorno para sua casa em Nova Andradina &#8211; a 300 quil\u00f4metros de Campo Grande. O acidente aconteceu enquanto o ve\u00edculo escolar fazia [&hellip;]<\/p>\n","protected":false},"author":5,"featured_media":102573,"comment_status":"closed","ping_status":"closed","sticky":false,"template":"","format":"standard","meta":{"footnotes":""},"categories":[38],"tags":[],"class_list":["post-240660","post","type-post","status-publish","format-standard","has-post-thumbnail","hentry","category-policia"],"_links":{"self":[{"href":"https:\/\/www.ocorreionews.com.br\/acervo-correio\/index.php?rest_route=\/wp\/v2\/posts\/240660","targetHints":{"allow":["GET"]}}],"collection":[{"href":"https:\/\/www.ocorreionews.com.br\/acervo-correio\/index.php?rest_route=\/wp\/v2\/posts"}],"about":[{"href":"https:\/\/www.ocorreionews.com.br\/acervo-correio\/index.php?rest_route=\/wp\/v2\/types\/post"}],"author":[{"embeddable":true,"href":"https:\/\/www.ocorreionews.com.br\/acervo-correio\/index.php?rest_route=\/wp\/v2\/users\/5"}],"replies":[{"embeddable":true,"href":"https:\/\/www.ocorreionews.com.br\/acervo-correio\/index.php?rest_route=%2Fwp%2Fv2%2Fcomments&post=240660"}],"version-history":[{"count":1,"href":"https:\/\/www.ocorreionews.com.br\/acervo-correio\/index.php?rest_route=\/wp\/v2\/posts\/240660\/revisions"}],"predecessor-version":[{"id":240714,"href":"https:\/\/www.ocorreionews.com.br\/acervo-correio\/index.php?rest_route=\/wp\/v2\/posts\/240660\/revisions\/240714"}],"wp:featuredmedia":[{"embeddable":true,"href":"https:\/\/www.ocorreionews.com.br\/acervo-correio\/index.php?rest_route=\/wp\/v2\/media\/102573"}],"wp:attachment":[{"href":"https:\/\/www.ocorreionews.com.br\/acervo-correio\/index.php?rest_route=%2Fwp%2Fv2%2Fmedia&parent=240660"}],"wp:term":[{"taxonomy":"category","embeddable":true,"href":"https:\/\/www.ocorreionews.com.br\/acervo-correio\/index.php?rest_route=%2Fwp%2Fv2%2Fcategories&post=240660"},{"taxonomy":"post_tag","embeddable":true,"href":"https:\/\/www.ocorreionews.com.br\/acervo-correio\/index.php?rest_route=%2Fwp%2Fv2%2Ftags&post=240660"}],"curies":[{"name":"wp","href":"https:\/\/api.w.org\/{rel}","templated":true}]}}