{"id":240688,"date":"2023-05-24T08:40:38","date_gmt":"2023-05-24T12:40:38","guid":{"rendered":"https:\/\/www.ocorreionews.com.br\/acervo-correio\/?p=240688"},"modified":"2023-05-24T08:40:38","modified_gmt":"2023-05-24T12:40:38","slug":"netflix-comeca-a-cobrar-pelo-compartilhamento-de-senhas-no-brasil","status":"publish","type":"post","link":"https:\/\/www.ocorreionews.com.br\/acervo-correio\/?p=240688","title":{"rendered":"Netflix come\u00e7a a cobrar pelo compartilhamento de senhas no Brasil"},"content":{"rendered":"<p>A Netflix anunciou nesta ter\u00e7a-feira (23) que vai cobrar um adicional de R$ 12,90 por m\u00eas de usu\u00e1rios que compartilham suas senhas da plataforma com outras pessoas fora de sua resid\u00eancia.<\/p>\n<div id=\"chunk-12c9f\">\n<div class=\"mc-column content-text active-extra-styles \" data-block-type=\"unstyled\" data-block-weight=\"27\" data-block-id=\"5\">\n<p class=\"content-text__container \" data-track-category=\"Link no Texto\" data-track-links=\"\">A medida j\u00e1 estava em vigor desde o ano passado em outros pa\u00edses, como Chile, Costa Rica, Peru, Argentina, Rep\u00fablica Dominicana, Honduras, El Salvador e Guatemala.<\/p>\n<p data-track-category=\"Link no Texto\" data-track-links=\"\">\n<\/div>\n<\/div>\n<div id=\"chunk-778n\">\n<div class=\"mc-column content-text active-extra-styles \" data-block-type=\"unstyled\" data-block-weight=\"33\" data-block-id=\"6\">\n<p class=\"content-text__container \" data-track-category=\"Link no Texto\" data-track-links=\"\">&#8220;A partir de hoje, come\u00e7aremos a enviar este email <strong>[veja ao final da reportagem] <\/strong>para assinantes que compartilham a conta Netflix fora da pr\u00f3pria resid\u00eancia no Brasil&#8221;, diz a empresa em comunicado.<\/p>\n<div class=\"content-intertitle\">\n<h2>Como funciona<\/h2>\n<div id=\"chunk-87gc3\">\n<div class=\"mc-column content-text active-extra-styles \" data-block-type=\"unstyled\" data-block-weight=\"35\" data-block-id=\"9\">\n<p class=\"content-text__container \" data-track-category=\"Link no Texto\" data-track-links=\"\">A Netflix explica que o titular da conta pode adquirir um ponto extra por R$ 12,90 ou transferir o perfil da outra pessoa, que, por sua vez, ter\u00e1 que arcar com uma nova assinatura.<\/p>\n<\/div>\n<\/div>\n<div id=\"chunk-fcbai\">\n<div class=\"mc-column content-text active-extra-styles \" data-block-type=\"unstyled\" data-block-weight=\"36\" data-block-id=\"10\">\n<p class=\"content-text__container \" data-track-category=\"Link no Texto\" data-track-links=\"\">&#8220;A conta Netflix deve ser usada por uma \u00fanica resid\u00eancia. Todas as pessoas que moram nesta mesma resid\u00eancia podem usar a Netflix onde quiserem, seja em casa, na rua, ou enquanto viajam&#8221;, explica a empresa.<\/p>\n<\/div>\n<\/div>\n<div class=\"mc-column content-text active-extra-styles\" data-block-type=\"raw\" data-block-weight=\"2\" data-block-id=\"11\">\n<p class=\"content-text__container\">\n<div class=\"content-intertitle\">\n<h2>Senhas compartilhadas<\/h2>\n<\/div>\n<p>&nbsp;<\/p>\n<\/div>\n<div id=\"chunk-26ded\">\n<div class=\"mc-column content-text active-extra-styles \" data-block-type=\"unstyled\" data-block-weight=\"42\" data-block-id=\"12\">\n<p class=\"content-text__container \" data-track-category=\"Link no Texto\" data-track-links=\"\">Em abril de 2022, a Netflix <a class=\"\" href=\"https:\/\/g1.globo.com\/tecnologia\/noticia\/2022\/04\/19\/netflix-registra-queda-no-numero-de-assinantes-pela-1a-vez-em-uma-decada.ghtml\">reportou uma perda de 200 mil assinantes entre janeiro e mar\u00e7o daquele ano<\/a>. Segundo a Bloomberg, em balan\u00e7os trimestrais, foi a primeira vez que a gigante do streaming registrou resultado negativo nesse quesito desde 2011.<\/p>\n<\/div>\n<\/div>\n<div id=\"chunk-5dfmm\">\n<div class=\"mc-column content-text active-extra-styles \" data-block-type=\"unstyled\" data-block-weight=\"29\" data-block-id=\"13\">\n<p class=\"content-text__container \" data-track-category=\"Link no Texto\" data-track-links=\"\">Na \u00e9poca, a Netflix destacou o aumento da competi\u00e7\u00e3o no segmento e apontou que tem perdido oportunidades de elevar o n\u00famero de pagantes por conta de senhas compartilhadas.<\/p>\n<\/div>\n<\/div>\n<div id=\"chunk-9h32s\">\n<div class=\"mc-column content-text active-extra-styles \" data-block-type=\"unstyled\" data-block-weight=\"16\" data-block-id=\"14\">\n<p class=\"content-text__container \" data-track-category=\"Link no Texto\" data-track-links=\"\">A empresa estima que 100 milh\u00f5es de usu\u00e1rios desfrutam de senhas compartilhadas em todo o mundo.<\/p>\n<\/div>\n<\/div>\n<div class=\"mc-column content-text active-extra-styles\" data-block-type=\"raw\" data-block-weight=\"19\" data-block-id=\"15\">\n<p class=\"content-text__container\">\n<ul class=\"content-unordered-list\">\n<li><a class=\"\" href=\"https:\/\/g1.globo.com\/tecnologia\/noticia\/2023\/05\/23\/anpd-pressiona-e-farmacias-terao-que-rever-uso-de-cpf-e-outros-dados-de-clientes.ghtml\">ANPD vai fiscalizar farm\u00e1cias por uso excessivo de CPF <\/a><\/li>\n<li><a class=\"\" href=\"https:\/\/g1.globo.com\/especiais\/guia-de-compras\/notebooks-2-em-1-g1-testa-modelos-que-viram-tablet.ghtml\">Notebooks 2 em 1: g1 testa modelos que viram tablet<\/a><\/li>\n<\/ul>\n<p>&nbsp;<\/p>\n<\/div>\n<div id=\"chunk-899g0\">\n<div class=\"row medium-uncollapsed content-media content-photo\" data-block-type=\"backstage-photo\" data-block-id=\"16\">\n<div class=\" mc-column  content-media__container\">\n<div class=\"content-media-container glb-skeleton-box\">\n<figure class=\"content-media-figure\">\n<p><figure style=\"width: 647px\" class=\"wp-caption aligncenter\"><img loading=\"lazy\" decoding=\"async\" class=\"i-amphtml-fill-content i-amphtml-replaced-content\" src=\"https:\/\/s2-g1.glbimg.com\/vfQHgPgWhvDrcQoeNKN4YGWdqeQ=\/0x0:400x936\/984x0\/smart\/filters:strip_icc()\/i.s3.glbimg.com\/v1\/AUTH_59edd422c0c84a879bd37670ae4f538a\/internal_photos\/bs\/2023\/s\/I\/audbbtRvAoGbqj6ll3gA\/pt-br.png\" sizes=\"auto, (max-width: 1525px) 648px, 100vw\" srcset=\"https:\/\/s2-g1.glbimg.com\/VTd-4JfRlVHy3XhomU5oSrn8jq0=\/0x0:400x936\/1000x0\/smart\/filters:strip_icc()\/i.s3.glbimg.com\/v1\/AUTH_59edd422c0c84a879bd37670ae4f538a\/internal_photos\/bs\/2023\/s\/I\/audbbtRvAoGbqj6ll3gA\/pt-br.png 1000w, https:\/\/s2-g1.glbimg.com\/vfQHgPgWhvDrcQoeNKN4YGWdqeQ=\/0x0:400x936\/984x0\/smart\/filters:strip_icc()\/i.s3.glbimg.com\/v1\/AUTH_59edd422c0c84a879bd37670ae4f538a\/internal_photos\/bs\/2023\/s\/I\/audbbtRvAoGbqj6ll3gA\/pt-br.png 984w, https:\/\/s2-g1.glbimg.com\/-5RiH3HxMwvGIAJIVDG1UI73-Ww=\/0x0:400x936\/640x0\/smart\/filters:strip_icc()\/i.s3.glbimg.com\/v1\/AUTH_59edd422c0c84a879bd37670ae4f538a\/internal_photos\/bs\/2023\/s\/I\/audbbtRvAoGbqj6ll3gA\/pt-br.png 640w, https:\/\/s2-g1.glbimg.com\/RH6QhrIRkGhdnmHgDXuqM2LE-Rc=\/0x0:400x936\/600x0\/smart\/filters:strip_icc()\/i.s3.glbimg.com\/v1\/AUTH_59edd422c0c84a879bd37670ae4f538a\/internal_photos\/bs\/2023\/s\/I\/audbbtRvAoGbqj6ll3gA\/pt-br.png 600w\" alt=\"E-mail que a Netflix enviar\u00e1 para assinantes no Brasil  \u2014 Foto: Divulga\u00e7\u00e3o\/Netflix\" width=\"647\" height=\"1516\" \/><figcaption class=\"wp-caption-text\">E-mail que a Netflix enviar\u00e1 para assinantes no Brasil \u2014 Foto: Divulga\u00e7\u00e3o\/Netflix<\/figcaption><\/figure><\/figure>\n<\/div>\n<p class=\"content-media__description  \">G1<\/p>\n<\/div>\n<\/div>\n<\/div>\n<\/div>\n<\/div>\n<\/div>\n","protected":false},"excerpt":{"rendered":"<p>A Netflix anunciou nesta ter\u00e7a-feira (23) que vai cobrar um adicional de R$ 12,90 por m\u00eas de usu\u00e1rios que compartilham suas senhas da plataforma com outras pessoas fora de sua resid\u00eancia. A medida j\u00e1 estava em vigor desde o ano passado em outros pa\u00edses, como Chile, Costa Rica, Peru, Argentina, Rep\u00fablica Dominicana, Honduras, El Salvador [&hellip;]<\/p>\n","protected":false},"author":5,"featured_media":240689,"comment_status":"closed","ping_status":"closed","sticky":false,"template":"","format":"standard","meta":{"footnotes":""},"categories":[31],"tags":[],"class_list":["post-240688","post","type-post","status-publish","format-standard","has-post-thumbnail","hentry","category-geral"],"_links":{"self":[{"href":"https:\/\/www.ocorreionews.com.br\/acervo-correio\/index.php?rest_route=\/wp\/v2\/posts\/240688","targetHints":{"allow":["GET"]}}],"collection":[{"href":"https:\/\/www.ocorreionews.com.br\/acervo-correio\/index.php?rest_route=\/wp\/v2\/posts"}],"about":[{"href":"https:\/\/www.ocorreionews.com.br\/acervo-correio\/index.php?rest_route=\/wp\/v2\/types\/post"}],"author":[{"embeddable":true,"href":"https:\/\/www.ocorreionews.com.br\/acervo-correio\/index.php?rest_route=\/wp\/v2\/users\/5"}],"replies":[{"embeddable":true,"href":"https:\/\/www.ocorreionews.com.br\/acervo-correio\/index.php?rest_route=%2Fwp%2Fv2%2Fcomments&post=240688"}],"version-history":[{"count":1,"href":"https:\/\/www.ocorreionews.com.br\/acervo-correio\/index.php?rest_route=\/wp\/v2\/posts\/240688\/revisions"}],"predecessor-version":[{"id":240691,"href":"https:\/\/www.ocorreionews.com.br\/acervo-correio\/index.php?rest_route=\/wp\/v2\/posts\/240688\/revisions\/240691"}],"wp:featuredmedia":[{"embeddable":true,"href":"https:\/\/www.ocorreionews.com.br\/acervo-correio\/index.php?rest_route=\/wp\/v2\/media\/240689"}],"wp:attachment":[{"href":"https:\/\/www.ocorreionews.com.br\/acervo-correio\/index.php?rest_route=%2Fwp%2Fv2%2Fmedia&parent=240688"}],"wp:term":[{"taxonomy":"category","embeddable":true,"href":"https:\/\/www.ocorreionews.com.br\/acervo-correio\/index.php?rest_route=%2Fwp%2Fv2%2Fcategories&post=240688"},{"taxonomy":"post_tag","embeddable":true,"href":"https:\/\/www.ocorreionews.com.br\/acervo-correio\/index.php?rest_route=%2Fwp%2Fv2%2Ftags&post=240688"}],"curies":[{"name":"wp","href":"https:\/\/api.w.org\/{rel}","templated":true}]}}