{"id":240690,"date":"2023-05-24T08:43:41","date_gmt":"2023-05-24T12:43:41","guid":{"rendered":"https:\/\/www.ocorreionews.com.br\/acervo-correio\/?p=240690"},"modified":"2023-05-24T08:43:41","modified_gmt":"2023-05-24T12:43:41","slug":"figueirao-sera-uma-das-sedes-do-torneio-liga-terrao-estadual-2023","status":"publish","type":"post","link":"https:\/\/www.ocorreionews.com.br\/acervo-correio\/?p=240690","title":{"rendered":"Figueir\u00e3o ser\u00e1 uma das sedes do Torneio Liga Terr\u00e3o Estadual 2023"},"content":{"rendered":"<div class=\"x11i5rnm xat24cr x1mh8g0r x1vvkbs xtlvy1s x126k92a\">\n<div dir=\"auto\">Na manh\u00e3 de hoje (23\/5), a equipe da Uni\u00e3o Esportiva do Futebol Amador de Mato Grosso do Sul &#8211; UEFAMS, esteve no munic\u00edpio para abrir o convite para Figueir\u00e3o participar do Torneio Liga Terr\u00e3o Estadual 2023.<\/div>\n<div dir=\"auto\"><\/div>\n<\/div>\n<div class=\"x11i5rnm xat24cr x1mh8g0r x1vvkbs xtlvy1s x126k92a\">\n<div dir=\"auto\">A equipe da UEFAMS foi recebida no gabinete pelo prefeito Juvenal Consolaro, acompanhado do vice-prefeito Jorge Mortari, Secret\u00e1ria de Educa\u00e7\u00e3o Luciane Aimi e a equipe do Esporte (Lucas Ian Santos Freitas e Anderson Rodrigues), e tamb\u00e9m a vereadora Luciene Teodora.<\/div>\n<div dir=\"auto\"><a href=\"https:\/\/www.ocorreionews.com.br\/acervo-correio\/wp-content\/uploads\/2023\/05\/terrao-1.jpg\"><img loading=\"lazy\" decoding=\"async\" class=\"alignnone size-full wp-image-240692\" src=\"https:\/\/www.ocorreionews.com.br\/acervo-correio\/wp-content\/uploads\/2023\/05\/terrao-1.jpg\" alt=\"\" width=\"714\" height=\"369\" srcset=\"https:\/\/www.ocorreionews.com.br\/acervo-correio\/wp-content\/uploads\/2023\/05\/terrao-1.jpg 714w, https:\/\/www.ocorreionews.com.br\/acervo-correio\/wp-content\/uploads\/2023\/05\/terrao-1-300x155.jpg 300w\" sizes=\"auto, (max-width: 714px) 100vw, 714px\" \/><\/a><\/div>\n<div dir=\"auto\"><\/div>\n<div dir=\"auto\">O munic\u00edpio, atrav\u00e9s de uma gest\u00e3o de fomento ao esporte, com apoio do Prefeito Juvenal Consolaro e por interm\u00e9dio da Secretaria Municipal de Educa\u00e7\u00e3o, Cultura, Esporte e Turismo, v\u00eam apresentando grandes resultados em todas as competi\u00e7\u00f5es de que participa.<\/div>\n<div dir=\"auto\"><\/div>\n<div dir=\"auto\">A competi\u00e7\u00e3o ocorre em diversas regi\u00f5es do Estado, saindo um campe\u00e3o de cada regional para disputar o t\u00edtulo. Figueir\u00e3o j\u00e1 chegou at\u00e9 as quartas de final em outros torneios. O Torneio ter\u00e1 in\u00edcio no munic\u00edpio dia 27 de agosto e a final ser\u00e1 em 30 de setembro.<\/div>\n<\/div>\n<div dir=\"auto\"><\/div>\n<div class=\"x11i5rnm xat24cr x1mh8g0r x1vvkbs xtlvy1s x126k92a\">\n<div dir=\"auto\">Fonte\/Fotos: PMFigueir\u00e3o \u2013 Rubem Vasconcellos<\/div>\n<\/div>\n","protected":false},"excerpt":{"rendered":"<p>Na manh\u00e3 de hoje (23\/5), a equipe da Uni\u00e3o Esportiva do Futebol Amador de Mato Grosso do Sul &#8211; UEFAMS, esteve no munic\u00edpio para abrir o convite para Figueir\u00e3o participar do Torneio Liga Terr\u00e3o Estadual 2023. A equipe da UEFAMS foi recebida no gabinete pelo prefeito Juvenal Consolaro, acompanhado do vice-prefeito Jorge Mortari, Secret\u00e1ria de [&hellip;]<\/p>\n","protected":false},"author":4,"featured_media":240693,"comment_status":"closed","ping_status":"closed","sticky":false,"template":"","format":"standard","meta":{"footnotes":""},"categories":[29,30],"tags":[],"class_list":["post-240690","post","type-post","status-publish","format-standard","has-post-thumbnail","hentry","category-esporte","category-figueirao"],"_links":{"self":[{"href":"https:\/\/www.ocorreionews.com.br\/acervo-correio\/index.php?rest_route=\/wp\/v2\/posts\/240690","targetHints":{"allow":["GET"]}}],"collection":[{"href":"https:\/\/www.ocorreionews.com.br\/acervo-correio\/index.php?rest_route=\/wp\/v2\/posts"}],"about":[{"href":"https:\/\/www.ocorreionews.com.br\/acervo-correio\/index.php?rest_route=\/wp\/v2\/types\/post"}],"author":[{"embeddable":true,"href":"https:\/\/www.ocorreionews.com.br\/acervo-correio\/index.php?rest_route=\/wp\/v2\/users\/4"}],"replies":[{"embeddable":true,"href":"https:\/\/www.ocorreionews.com.br\/acervo-correio\/index.php?rest_route=%2Fwp%2Fv2%2Fcomments&post=240690"}],"version-history":[{"count":1,"href":"https:\/\/www.ocorreionews.com.br\/acervo-correio\/index.php?rest_route=\/wp\/v2\/posts\/240690\/revisions"}],"predecessor-version":[{"id":240694,"href":"https:\/\/www.ocorreionews.com.br\/acervo-correio\/index.php?rest_route=\/wp\/v2\/posts\/240690\/revisions\/240694"}],"wp:featuredmedia":[{"embeddable":true,"href":"https:\/\/www.ocorreionews.com.br\/acervo-correio\/index.php?rest_route=\/wp\/v2\/media\/240693"}],"wp:attachment":[{"href":"https:\/\/www.ocorreionews.com.br\/acervo-correio\/index.php?rest_route=%2Fwp%2Fv2%2Fmedia&parent=240690"}],"wp:term":[{"taxonomy":"category","embeddable":true,"href":"https:\/\/www.ocorreionews.com.br\/acervo-correio\/index.php?rest_route=%2Fwp%2Fv2%2Fcategories&post=240690"},{"taxonomy":"post_tag","embeddable":true,"href":"https:\/\/www.ocorreionews.com.br\/acervo-correio\/index.php?rest_route=%2Fwp%2Fv2%2Ftags&post=240690"}],"curies":[{"name":"wp","href":"https:\/\/api.w.org\/{rel}","templated":true}]}}