{"id":240787,"date":"2023-05-25T06:27:22","date_gmt":"2023-05-25T10:27:22","guid":{"rendered":"https:\/\/www.ocorreionews.com.br\/acervo-correio\/?p=240787"},"modified":"2023-05-25T06:27:22","modified_gmt":"2023-05-25T10:27:22","slug":"alcinopolis-e-destaque-no-ranking-que-avalia-os-indicadores-de-saude","status":"publish","type":"post","link":"https:\/\/www.ocorreionews.com.br\/acervo-correio\/?p=240787","title":{"rendered":"Alcin\u00f3polis \u00e9 destaque no ranking que avalia os indicadores de sa\u00fade."},"content":{"rendered":"<p>Foi divulgada hoje, 24 de maio, a nota dos munic\u00edpios que \u00e9 utilizada pelo Governo Federal como refer\u00eancia para o financiamento da Aten\u00e7\u00e3o Prim\u00e1ria \u00e0 Sa\u00fade &#8211; APS.<\/p>\n<p>Alcin\u00f3polis conquistou o s\u00e9timo lugar entre os munic\u00edpios sul-mato-grossenses. Essa nota reflete um caminho que vem sendo percorrido desde 2021, com muitas a\u00e7\u00f5es sendo realizadas e que culminam neste resultado.<\/p>\n<p>Entre as principais a\u00e7\u00f5es desenvolvidas no decorrer dos anos, destacam-se:<\/p>\n<p>A\u00e7\u00f5es Kids, como as campanhas de Multivacina\u00e7\u00e3o Infantil;<\/p>\n<p>&#8211; Caminhada das mulheres, desenvolvida durante a semana da sa\u00fade da mulher;<\/p>\n<p>&#8211; Acompanhamento de forma integral das nossas gestantes, atrav\u00e9s do Programa Bem nascer;<\/p>\n<p>&#8211; Grupo do Hiperdia;<\/p>\n<p>&#8211; Grupo MagraMente;<\/p>\n<p>&#8211; Busca ativa feita pelos ACS.<\/p>\n<p>V\u00e1rias outras a\u00e7\u00f5es s\u00e3o desenvolvidas a fim de oferecer sa\u00fade de qualidade de vida aos mun\u00edcipes. Os resultados alcan\u00e7ados \u00e9 fruto do comprometimento e empenho das equipes de sa\u00fade e reflete diretamente na melhoria dos servi\u00e7os prestados \u00e0 popula\u00e7\u00e3o.<\/p>\n<p>&nbsp;<\/p>\n<p>&#8212;<\/p>\n<p>Fonte: Jo\u00e3o Abadio de Oliveira Neto &#8211; Secret\u00e1rio Municipal de Sa\u00fade<\/p>\n","protected":false},"excerpt":{"rendered":"<p>Foi divulgada hoje, 24 de maio, a nota dos munic\u00edpios que \u00e9 utilizada pelo Governo Federal como refer\u00eancia para o financiamento da Aten\u00e7\u00e3o Prim\u00e1ria \u00e0 Sa\u00fade &#8211; APS. Alcin\u00f3polis conquistou o s\u00e9timo lugar entre os munic\u00edpios sul-mato-grossenses. Essa nota reflete um caminho que vem sendo percorrido desde 2021, com muitas a\u00e7\u00f5es sendo realizadas e que [&hellip;]<\/p>\n","protected":false},"author":4,"featured_media":240788,"comment_status":"closed","ping_status":"closed","sticky":false,"template":"","format":"standard","meta":{"footnotes":""},"categories":[18,39],"tags":[],"class_list":["post-240787","post","type-post","status-publish","format-standard","has-post-thumbnail","hentry","category-alcinopolis","category-saude"],"_links":{"self":[{"href":"https:\/\/www.ocorreionews.com.br\/acervo-correio\/index.php?rest_route=\/wp\/v2\/posts\/240787","targetHints":{"allow":["GET"]}}],"collection":[{"href":"https:\/\/www.ocorreionews.com.br\/acervo-correio\/index.php?rest_route=\/wp\/v2\/posts"}],"about":[{"href":"https:\/\/www.ocorreionews.com.br\/acervo-correio\/index.php?rest_route=\/wp\/v2\/types\/post"}],"author":[{"embeddable":true,"href":"https:\/\/www.ocorreionews.com.br\/acervo-correio\/index.php?rest_route=\/wp\/v2\/users\/4"}],"replies":[{"embeddable":true,"href":"https:\/\/www.ocorreionews.com.br\/acervo-correio\/index.php?rest_route=%2Fwp%2Fv2%2Fcomments&post=240787"}],"version-history":[{"count":1,"href":"https:\/\/www.ocorreionews.com.br\/acervo-correio\/index.php?rest_route=\/wp\/v2\/posts\/240787\/revisions"}],"predecessor-version":[{"id":240789,"href":"https:\/\/www.ocorreionews.com.br\/acervo-correio\/index.php?rest_route=\/wp\/v2\/posts\/240787\/revisions\/240789"}],"wp:featuredmedia":[{"embeddable":true,"href":"https:\/\/www.ocorreionews.com.br\/acervo-correio\/index.php?rest_route=\/wp\/v2\/media\/240788"}],"wp:attachment":[{"href":"https:\/\/www.ocorreionews.com.br\/acervo-correio\/index.php?rest_route=%2Fwp%2Fv2%2Fmedia&parent=240787"}],"wp:term":[{"taxonomy":"category","embeddable":true,"href":"https:\/\/www.ocorreionews.com.br\/acervo-correio\/index.php?rest_route=%2Fwp%2Fv2%2Fcategories&post=240787"},{"taxonomy":"post_tag","embeddable":true,"href":"https:\/\/www.ocorreionews.com.br\/acervo-correio\/index.php?rest_route=%2Fwp%2Fv2%2Ftags&post=240787"}],"curies":[{"name":"wp","href":"https:\/\/api.w.org\/{rel}","templated":true}]}}