{"id":240790,"date":"2023-05-25T07:05:04","date_gmt":"2023-05-25T11:05:04","guid":{"rendered":"https:\/\/www.ocorreionews.com.br\/acervo-correio\/?p=240790"},"modified":"2023-05-25T07:08:14","modified_gmt":"2023-05-25T11:08:14","slug":"semudes-divulga-a-programacao-da-semana-do-meio-ambiente-em-junho-2023","status":"publish","type":"post","link":"https:\/\/www.ocorreionews.com.br\/acervo-correio\/?p=240790","title":{"rendered":"SEMUDES divulga a programa\u00e7\u00e3o da \u201cSemana do Meio Ambiente\u201d em junho-2023."},"content":{"rendered":"<p><span style=\"font-size: 18pt;\"><strong>ALCIN\u00d3POLIS<\/strong><\/span>\u00a0 -A SEMUDES \u201cSecretaria Municipal de Desenvolvimento, Agricultura, Pecu\u00e1ria, Turismo e Meio Ambiente\u201d, divulgou ontem 24\/05 em sua rede social do Facebook, a programa\u00e7\u00e3o da Semana do Meio Ambiente, que ser\u00e1 realizada em junho, com iniciou no dia 05\/6 (segunda-feira) e encerra dia 07\/06 (quarta-feira).<\/p>\n<p><strong>PROGRAMA\u00c7\u00c3O:<\/strong><\/p>\n<p><strong>05\/06 &#8211; Segunda-feira<\/strong><\/p>\n<p><em>07h00min \u2013 Coloca\u00e7\u00e3o de placas de identifica\u00e7\u00e3o nas arvores da pra\u00e7a central.<\/em><\/p>\n<p><em>08h00min \u2013 EMAC \u201cEscola Municipal Alcino Carneiro \u201dEntrega de mudas de arvores para a popula\u00e7\u00e3o.<\/em><\/p>\n<p><em>13h00min \u2013 C\u00e2mara Municipal &#8211; Palestra \u2013 os 03 R, da sustentabilidade (redu\u00e7\u00e3o, reutiliza\u00e7\u00e3o e reciclagem).\u00a0<\/em><\/p>\n<p><strong>06\/06 &#8211; Ter\u00e7a-feira<\/strong><\/p>\n<p><em>08h00min \u2013 C\u00e2mara Municipal &#8211; Palestra \u2013 Projeto de Recupera\u00e7\u00e3o de \u00c1rea Degradada \u2013 PENT \u201cParque Estadual das Nascentes do Rio Taquari\u201d.<\/em><\/p>\n<p><em>13h00min \u2013 Entrega de Cartilhas nas Escolas do Munic\u00edpio.<\/em><\/p>\n<p><strong>07\/06 &#8211; Quarta-feira<\/strong><\/p>\n<p><em>08h00min \u2013 Prefeitura Municipal \u2013 Entrega de um ve\u00edculo para COOPERCAL \u201cCooperativa de Catadores de Materiais Recicl\u00e1veis de Alcin\u00f3polis \u2013 MS\u201d.<\/em><\/p>\n<p><em>13H00MIN \u2013 Distribui\u00e7\u00e3o de cartilhas na EMMAM \u201cEscola Municipal Miguel Ant\u00f4nio de Moraes\u201d \u2013 Novo Belo Horizonte.<\/em><\/p>\n<p>&nbsp;<\/p>\n<p>Para maiores informa\u00e7\u00f5es liguem: <strong>67 3260 1739<\/strong>.<\/p>\n<p>Regionalms<\/p>\n","protected":false},"excerpt":{"rendered":"<p>ALCIN\u00d3POLIS\u00a0 -A SEMUDES \u201cSecretaria Municipal de Desenvolvimento, Agricultura, Pecu\u00e1ria, Turismo e Meio Ambiente\u201d, divulgou ontem 24\/05 em sua rede social do Facebook, a programa\u00e7\u00e3o da Semana do Meio Ambiente, que ser\u00e1 realizada em junho, com iniciou no dia 05\/6 (segunda-feira) e encerra dia 07\/06 (quarta-feira). PROGRAMA\u00c7\u00c3O: 05\/06 &#8211; Segunda-feira 07h00min \u2013 Coloca\u00e7\u00e3o de placas de [&hellip;]<\/p>\n","protected":false},"author":4,"featured_media":240791,"comment_status":"closed","ping_status":"closed","sticky":false,"template":"","format":"standard","meta":{"footnotes":""},"categories":[17,18],"tags":[],"class_list":["post-240790","post","type-post","status-publish","format-standard","has-post-thumbnail","hentry","category-agropecuaria","category-alcinopolis"],"_links":{"self":[{"href":"https:\/\/www.ocorreionews.com.br\/acervo-correio\/index.php?rest_route=\/wp\/v2\/posts\/240790","targetHints":{"allow":["GET"]}}],"collection":[{"href":"https:\/\/www.ocorreionews.com.br\/acervo-correio\/index.php?rest_route=\/wp\/v2\/posts"}],"about":[{"href":"https:\/\/www.ocorreionews.com.br\/acervo-correio\/index.php?rest_route=\/wp\/v2\/types\/post"}],"author":[{"embeddable":true,"href":"https:\/\/www.ocorreionews.com.br\/acervo-correio\/index.php?rest_route=\/wp\/v2\/users\/4"}],"replies":[{"embeddable":true,"href":"https:\/\/www.ocorreionews.com.br\/acervo-correio\/index.php?rest_route=%2Fwp%2Fv2%2Fcomments&post=240790"}],"version-history":[{"count":1,"href":"https:\/\/www.ocorreionews.com.br\/acervo-correio\/index.php?rest_route=\/wp\/v2\/posts\/240790\/revisions"}],"predecessor-version":[{"id":240794,"href":"https:\/\/www.ocorreionews.com.br\/acervo-correio\/index.php?rest_route=\/wp\/v2\/posts\/240790\/revisions\/240794"}],"wp:featuredmedia":[{"embeddable":true,"href":"https:\/\/www.ocorreionews.com.br\/acervo-correio\/index.php?rest_route=\/wp\/v2\/media\/240791"}],"wp:attachment":[{"href":"https:\/\/www.ocorreionews.com.br\/acervo-correio\/index.php?rest_route=%2Fwp%2Fv2%2Fmedia&parent=240790"}],"wp:term":[{"taxonomy":"category","embeddable":true,"href":"https:\/\/www.ocorreionews.com.br\/acervo-correio\/index.php?rest_route=%2Fwp%2Fv2%2Fcategories&post=240790"},{"taxonomy":"post_tag","embeddable":true,"href":"https:\/\/www.ocorreionews.com.br\/acervo-correio\/index.php?rest_route=%2Fwp%2Fv2%2Ftags&post=240790"}],"curies":[{"name":"wp","href":"https:\/\/api.w.org\/{rel}","templated":true}]}}