{"id":240795,"date":"2023-05-25T07:22:29","date_gmt":"2023-05-25T11:22:29","guid":{"rendered":"https:\/\/www.ocorreionews.com.br\/acervo-correio\/?p=240795"},"modified":"2023-05-25T07:55:26","modified_gmt":"2023-05-25T11:55:26","slug":"abalroamento-entre-s-10-e-moto-na-av-16-deixou-um-ferido","status":"publish","type":"post","link":"https:\/\/www.ocorreionews.com.br\/acervo-correio\/?p=240795","title":{"rendered":"Acidente entre caminhonete e moto deixa jovem ferido em Chapad\u00e3o do Sul"},"content":{"rendered":"<p>Na noite desta quarta-feira (24), um acidente envolvendo uma caminhonete e uma moto no Centro de Chapad\u00e3o do Sul deixou um jovem ferido.<\/p>\n<p>De acordo com informa\u00e7\u00f5es repassadas h\u00e1 nossa reportagem ambos o ve\u00edculos seguiam no mesmo sentido pela Avenida Dezesseis centro\/bairro.<\/p>\n<p>Segundo vers\u00e3o do motorista da caminhonete Chevrolet S-10 H.M.M de 45 anos, ele relatou que seguia pela Avenida Dezesseis, e ao virar a esquerda na Rua Nove, acabou sendo atingido na lateral do seu ve\u00edculo, pela motocicleta XRE que era conduzido pelo jovem E.M.S.A de 21anos que vinha logo atr\u00e1s. Ap\u00f3s o impacto o jovem acabou vindo ao solo.<\/p>\n<p>O Corpo de Bombeiros foi acionado, e encaminhou o motociclista para Hospital Municipal consciente e orientado e com v\u00e1rias escoria\u00e7\u00f5es pelo corpo.<\/p>\n<p>J\u00e1 o motorista da caminhonete n\u00e3o se feriu e permaneceu no local at\u00e9 chegada da Pol\u00edcia Militar para confeccionar o Boletim de Ocorr\u00eancia e tomar as medidas cab\u00edveis.<\/p>\n<p><a href=\"https:\/\/www.ocorreionews.com.br\/acervo-correio\/wp-content\/uploads\/2023\/05\/colisao-rua-16.jpg\"><img loading=\"lazy\" decoding=\"async\" class=\"alignnone size-full wp-image-240796\" src=\"https:\/\/www.ocorreionews.com.br\/acervo-correio\/wp-content\/uploads\/2023\/05\/colisao-rua-16.jpg\" alt=\"\" width=\"1600\" height=\"1204\" srcset=\"https:\/\/www.ocorreionews.com.br\/acervo-correio\/wp-content\/uploads\/2023\/05\/colisao-rua-16.jpg 1600w, https:\/\/www.ocorreionews.com.br\/acervo-correio\/wp-content\/uploads\/2023\/05\/colisao-rua-16-300x226.jpg 300w, https:\/\/www.ocorreionews.com.br\/acervo-correio\/wp-content\/uploads\/2023\/05\/colisao-rua-16-1024x771.jpg 1024w, https:\/\/www.ocorreionews.com.br\/acervo-correio\/wp-content\/uploads\/2023\/05\/colisao-rua-16-768x578.jpg 768w, https:\/\/www.ocorreionews.com.br\/acervo-correio\/wp-content\/uploads\/2023\/05\/colisao-rua-16-1536x1156.jpg 1536w, https:\/\/www.ocorreionews.com.br\/acervo-correio\/wp-content\/uploads\/2023\/05\/colisao-rua-16-86x64.jpg 86w\" sizes=\"auto, (max-width: 1600px) 100vw, 1600px\" \/><\/a> <a href=\"https:\/\/www.ocorreionews.com.br\/acervo-correio\/wp-content\/uploads\/2023\/05\/colisao-rua-16b.jpg\"><img loading=\"lazy\" decoding=\"async\" class=\"alignnone size-full wp-image-240797\" src=\"https:\/\/www.ocorreionews.com.br\/acervo-correio\/wp-content\/uploads\/2023\/05\/colisao-rua-16b.jpg\" alt=\"\" width=\"1600\" height=\"1204\" srcset=\"https:\/\/www.ocorreionews.com.br\/acervo-correio\/wp-content\/uploads\/2023\/05\/colisao-rua-16b.jpg 1600w, https:\/\/www.ocorreionews.com.br\/acervo-correio\/wp-content\/uploads\/2023\/05\/colisao-rua-16b-300x226.jpg 300w, https:\/\/www.ocorreionews.com.br\/acervo-correio\/wp-content\/uploads\/2023\/05\/colisao-rua-16b-1024x771.jpg 1024w, https:\/\/www.ocorreionews.com.br\/acervo-correio\/wp-content\/uploads\/2023\/05\/colisao-rua-16b-768x578.jpg 768w, https:\/\/www.ocorreionews.com.br\/acervo-correio\/wp-content\/uploads\/2023\/05\/colisao-rua-16b-1536x1156.jpg 1536w, https:\/\/www.ocorreionews.com.br\/acervo-correio\/wp-content\/uploads\/2023\/05\/colisao-rua-16b-86x64.jpg 86w\" sizes=\"auto, (max-width: 1600px) 100vw, 1600px\" \/><\/a><\/p>\n","protected":false},"excerpt":{"rendered":"<p>Na noite desta quarta-feira (24), um acidente envolvendo uma caminhonete e uma moto no Centro de Chapad\u00e3o do Sul deixou um jovem ferido. De acordo com informa\u00e7\u00f5es repassadas h\u00e1 nossa reportagem ambos o ve\u00edculos seguiam no mesmo sentido pela Avenida Dezesseis centro\/bairro. Segundo vers\u00e3o do motorista da caminhonete Chevrolet S-10 H.M.M de 45 anos, ele [&hellip;]<\/p>\n","protected":false},"author":4,"featured_media":240798,"comment_status":"closed","ping_status":"closed","sticky":false,"template":"","format":"standard","meta":{"footnotes":""},"categories":[23,41,38],"tags":[],"class_list":["post-240795","post","type-post","status-publish","format-standard","has-post-thumbnail","hentry","category-chapadao-do-sul","category-destaque","category-policia"],"_links":{"self":[{"href":"https:\/\/www.ocorreionews.com.br\/acervo-correio\/index.php?rest_route=\/wp\/v2\/posts\/240795","targetHints":{"allow":["GET"]}}],"collection":[{"href":"https:\/\/www.ocorreionews.com.br\/acervo-correio\/index.php?rest_route=\/wp\/v2\/posts"}],"about":[{"href":"https:\/\/www.ocorreionews.com.br\/acervo-correio\/index.php?rest_route=\/wp\/v2\/types\/post"}],"author":[{"embeddable":true,"href":"https:\/\/www.ocorreionews.com.br\/acervo-correio\/index.php?rest_route=\/wp\/v2\/users\/4"}],"replies":[{"embeddable":true,"href":"https:\/\/www.ocorreionews.com.br\/acervo-correio\/index.php?rest_route=%2Fwp%2Fv2%2Fcomments&post=240795"}],"version-history":[{"count":1,"href":"https:\/\/www.ocorreionews.com.br\/acervo-correio\/index.php?rest_route=\/wp\/v2\/posts\/240795\/revisions"}],"predecessor-version":[{"id":240805,"href":"https:\/\/www.ocorreionews.com.br\/acervo-correio\/index.php?rest_route=\/wp\/v2\/posts\/240795\/revisions\/240805"}],"wp:featuredmedia":[{"embeddable":true,"href":"https:\/\/www.ocorreionews.com.br\/acervo-correio\/index.php?rest_route=\/wp\/v2\/media\/240798"}],"wp:attachment":[{"href":"https:\/\/www.ocorreionews.com.br\/acervo-correio\/index.php?rest_route=%2Fwp%2Fv2%2Fmedia&parent=240795"}],"wp:term":[{"taxonomy":"category","embeddable":true,"href":"https:\/\/www.ocorreionews.com.br\/acervo-correio\/index.php?rest_route=%2Fwp%2Fv2%2Fcategories&post=240795"},{"taxonomy":"post_tag","embeddable":true,"href":"https:\/\/www.ocorreionews.com.br\/acervo-correio\/index.php?rest_route=%2Fwp%2Fv2%2Ftags&post=240795"}],"curies":[{"name":"wp","href":"https:\/\/api.w.org\/{rel}","templated":true}]}}