{"id":240809,"date":"2023-05-25T08:08:14","date_gmt":"2023-05-25T12:08:14","guid":{"rendered":"https:\/\/www.ocorreionews.com.br\/acervo-correio\/?p=240809"},"modified":"2023-05-25T08:08:14","modified_gmt":"2023-05-25T12:08:14","slug":"blitz-educativa-reforca-importancia-dos-cuidados-para-a-seguranca-no-transito-em-costa-rica","status":"publish","type":"post","link":"https:\/\/www.ocorreionews.com.br\/acervo-correio\/?p=240809","title":{"rendered":"Blitz educativa refor\u00e7a import\u00e2ncia dos cuidados para a seguran\u00e7a no tr\u00e2nsito em Costa Rica"},"content":{"rendered":"<div class=\"ntc_cont_descricao_noticia sw_txteditor\">Na manh\u00e3 desta quarta-feira (24), foi realizada uma Blitz Educativa na Avenida Jos\u00e9 Ferreira da Costa, pr\u00f3ximo ao Mercado do Produtor Rural em Costa Rica, com o tema &#8220;No tr\u00e2nsito, escolha a vida!&#8221;. A a\u00e7\u00e3o faz parte da campanha Maio Amarelo que incentiva a dire\u00e7\u00e3o consciente para preven\u00e7\u00e3o de acidentes no tr\u00e2nsito e foi realizada pela Atvos Polo Taquari (Costa Rica e Alto Taquari) e Atitude <em>SSMA<\/em>\u00a0(Seguran\u00e7a, Sa\u00fade e Meio Ambiente) com o apoio do Poder P\u00fablico.<\/p>\n<p>A Blitz Educativa \u00e9 um dos eventos do dia D da campanha nacional de preven\u00e7\u00e3o de acidentes no tr\u00e2nsito, que completa 10 anos em 2023. A mobiliza\u00e7\u00e3o contou com a parceria do Corpo de Bombeiro Militar de MS, Pol\u00edcia Militar, Detran\/MS, Demutran e Prefeitura de Costa Rica para divulgar a preven\u00e7\u00e3o de acidentes no tr\u00e2nsito.<\/p><\/div>\n<div><\/div>\n<div class=\"ntc_cont_descricao_noticia sw_txteditor\"><img decoding=\"async\" class=\"imgcentraliza\" src=\"https:\/\/www.costarica.ms.gov.br\/fotos\/3af40911ac8073b010e1750093a0d397.jpg\" alt=\"Foto Noticia Principal Grande\" \/><\/p>\n<p>Durante a a\u00e7\u00e3o, foi exposto um carro batido com um s\u00edmbolo do WhatsApp para chamar a aten\u00e7\u00e3o dos condutores que passaram pelo local quanto aos riscos provocados por distra\u00e7\u00f5es, al\u00e9m de ser exibido faixas e placas indicativas de tr\u00e2nsito.<\/p>\n<p>O gerente de Sa\u00fade, Seguran\u00e7a e Meio Ambiente da Atvos Polo Alto Taquari, Wagner Tavares, informou que o uso do telefone celular no tr\u00e2nsito \u00e9 uma das principais causas de acidentes atualmente. \u201cAntigamente o uso do celular j\u00e1 preocupava as autoridades de tr\u00e2nsito, mas com a populariza\u00e7\u00e3o dos aplicativos e redes sociais, as pessoas passaram a conversar no celular, enviar mensagens, ver v\u00eddeos e at\u00e9 dirigir ao mesmo tempo. Por isso, o alerta \u00e9 para que n\u00e3o utilizem o celular durante a condu\u00e7\u00e3o do ve\u00edculo para prevenir acidentes\u201d, disse.<\/p><\/div>\n<div class=\"ntc_cont_descricao_noticia sw_txteditor\"><img decoding=\"async\" class=\"imgcentraliza\" src=\"https:\/\/www.costarica.ms.gov.br\/fotos\/3c5e279e436ee7f70b8611087a9a0d6e.jpg\" alt=\"Foto Noticia Principal Grande\" \/><\/p>\n<p>O diretor do Demutran (Departamento Municipal de Tr\u00e2nsito), Abr\u00e3o Santana Barbosa comentou que a Blitz Educativa tamb\u00e9m refor\u00e7ou a import\u00e2ncia dos cuidados com o tr\u00e2nsito, principalmente para os motociclistas, como o uso dos equipamentos de seguran\u00e7a, como capacete afivelado no queixo e viseira abaixada, e a escolha de n\u00e3o usar o celular enquanto dirige para todos os condutores. \u201cA escolha da seguran\u00e7a no tr\u00e2nsito \u00e9 a melhor op\u00e7\u00e3o para prevenir acidentes e preservar vidas\u201d, comentou.<\/p>\n<p><img decoding=\"async\" class=\"imgcentraliza\" src=\"https:\/\/www.costarica.ms.gov.br\/fotos\/24fbee90ee0b6dc646907ebe5010a0c4.jpg\" alt=\"Foto Noticia Principal Grande\" \/><\/div>\n<div class=\"ntc_area_info_noticia sw_lato\">\n<div>\n<div class=\"ntc_info_noticia\"><strong class=\"sw_lato_black\">Fonte: <\/strong>Assessoria de Comunica\u00e7\u00e3o &#8211; PMCR,<strong class=\"sw_lato_black\">\u00a0<\/strong>Silvestre de Castro<\/div>\n<\/div>\n<\/div>\n","protected":false},"excerpt":{"rendered":"<p>Na manh\u00e3 desta quarta-feira (24), foi realizada uma Blitz Educativa na Avenida Jos\u00e9 Ferreira da Costa, pr\u00f3ximo ao Mercado do Produtor Rural em Costa Rica, com o tema &#8220;No tr\u00e2nsito, escolha a vida!&#8221;. A a\u00e7\u00e3o faz parte da campanha Maio Amarelo que incentiva a dire\u00e7\u00e3o consciente para preven\u00e7\u00e3o de acidentes no tr\u00e2nsito e foi realizada [&hellip;]<\/p>\n","protected":false},"author":5,"featured_media":240815,"comment_status":"closed","ping_status":"closed","sticky":false,"template":"","format":"standard","meta":{"footnotes":""},"categories":[25,41],"tags":[],"class_list":["post-240809","post","type-post","status-publish","format-standard","has-post-thumbnail","hentry","category-costa-rica","category-destaque"],"_links":{"self":[{"href":"https:\/\/www.ocorreionews.com.br\/acervo-correio\/index.php?rest_route=\/wp\/v2\/posts\/240809","targetHints":{"allow":["GET"]}}],"collection":[{"href":"https:\/\/www.ocorreionews.com.br\/acervo-correio\/index.php?rest_route=\/wp\/v2\/posts"}],"about":[{"href":"https:\/\/www.ocorreionews.com.br\/acervo-correio\/index.php?rest_route=\/wp\/v2\/types\/post"}],"author":[{"embeddable":true,"href":"https:\/\/www.ocorreionews.com.br\/acervo-correio\/index.php?rest_route=\/wp\/v2\/users\/5"}],"replies":[{"embeddable":true,"href":"https:\/\/www.ocorreionews.com.br\/acervo-correio\/index.php?rest_route=%2Fwp%2Fv2%2Fcomments&post=240809"}],"version-history":[{"count":1,"href":"https:\/\/www.ocorreionews.com.br\/acervo-correio\/index.php?rest_route=\/wp\/v2\/posts\/240809\/revisions"}],"predecessor-version":[{"id":240816,"href":"https:\/\/www.ocorreionews.com.br\/acervo-correio\/index.php?rest_route=\/wp\/v2\/posts\/240809\/revisions\/240816"}],"wp:featuredmedia":[{"embeddable":true,"href":"https:\/\/www.ocorreionews.com.br\/acervo-correio\/index.php?rest_route=\/wp\/v2\/media\/240815"}],"wp:attachment":[{"href":"https:\/\/www.ocorreionews.com.br\/acervo-correio\/index.php?rest_route=%2Fwp%2Fv2%2Fmedia&parent=240809"}],"wp:term":[{"taxonomy":"category","embeddable":true,"href":"https:\/\/www.ocorreionews.com.br\/acervo-correio\/index.php?rest_route=%2Fwp%2Fv2%2Fcategories&post=240809"},{"taxonomy":"post_tag","embeddable":true,"href":"https:\/\/www.ocorreionews.com.br\/acervo-correio\/index.php?rest_route=%2Fwp%2Fv2%2Ftags&post=240809"}],"curies":[{"name":"wp","href":"https:\/\/api.w.org\/{rel}","templated":true}]}}