{"id":240811,"date":"2023-05-25T08:04:05","date_gmt":"2023-05-25T12:04:05","guid":{"rendered":"https:\/\/www.ocorreionews.com.br\/acervo-correio\/?p=240811"},"modified":"2023-05-25T08:04:05","modified_gmt":"2023-05-25T12:04:05","slug":"prefeitura-de-figueirao-implanta-piso-salarial-dos-tecnicos-e-auxiliares-de-enfermagem","status":"publish","type":"post","link":"https:\/\/www.ocorreionews.com.br\/acervo-correio\/?p=240811","title":{"rendered":"Prefeitura de Figueir\u00e3o implanta piso salarial dos t\u00e9cnicos e auxiliares de enfermagem"},"content":{"rendered":"<p>O prefeito Juvenal Consolaro recebeu o Secret\u00e1rio Municipal de Sa\u00fade Pedro Ubiali e os t\u00e9cnicos e auxiliares de enfermagem do Munic\u00edpio, para um caf\u00e9 da manh\u00e3 em comemora\u00e7\u00e3o ao dia do t\u00e9cnico e auxiliar de enfermagem que foi no dia 20\/05.<\/p>\n<p>Na ocasi\u00e3o o prefeito parabenizou a todos os profissionais agradecendo pelo trabalho que vem desempenhando em nossa cidade e falou sobre o Piso Salarial de Enfermagem e a valoriza\u00e7\u00e3o de todos profissionais de sa\u00fade.<\/p>\n<p>A lei n\u00ba 14.434, de 04 de agosto de 2022, prev\u00ea piso salarial de R$ 4.750 para os enfermeiros, R$ 3.325 para os t\u00e9cnicos em enfermagem e R$ 2.375 para os auxiliares.<\/p>\n<p>Todos os presentes foram homenageados e receberam do secret\u00e1rio de Sa\u00fade Pedro, um kit contendo 01 Agenda, 01 caneta e 01 garrafa t\u00e9rmica personalizados.<\/p>\n<p>O Secret\u00e1rio Municipal de Gest\u00e3o e Desenvolvimento Francisco Junior estava presente e anunciou o aumento para os t\u00e9cnicos e auxiliares de enfermagem de Figueir\u00e3o. Com a implanta\u00e7\u00e3o do piso salarial pelo prefeito de Figueir\u00e3o, os t\u00e9cnicos de enfermagem do munic\u00edpio passar\u00e3o a receber R$3.325,00 (tr\u00eas mil trezentos e vinte e cinco reais) e os auxiliares de enfermagem passar\u00e3o a receber o valor de R$ 2.375,00 (dois mil trezentos e setenta e cinco reais) mensais. Os enfermeiros j\u00e1 tinham o sal\u00e1rio acima do piso e continuar\u00e3o no valor de R$5.826,85 (cinco mil oitocentos e vinte e seis reais e oitenta e cinco centavos).<\/p>\n<p>\u201cNos reunimos com os profissionais da \u00e1rea e decidimos implantar o piso salarial estabelecido pela lei federal, isso valoriza o servidor e faz parte do nosso compromisso de valoriza\u00e7\u00e3o dos servidores, que \u00e9 priorizar as a\u00e7\u00f5es que valorizam e fortale\u00e7am os servidores p\u00fablicos\u201d, ressaltou o prefeito de Figueir\u00e3o, Juvenal Consolaro.<\/p>\n<p>O Secret\u00e1rio Municipal de Sa\u00fade Pedro Ubiali, diz que \u00e9 um momento de muita alegria, que est\u00e1 feliz por fazer parte e agradece o executivo por valorizar a profiss\u00e3o, parabenizando a todos.<\/p>\n<p>Todos os presentes foram homenageados e receberam do secret\u00e1rio Pedro,\u00a0 um kit contendo 01 Agenda, 01 caneta e 01 garrafa t\u00e9rmica personalizados.<\/p>\n<p>&nbsp;<\/p>\n<p>Fonte\/Fotos: PMFigueir\u00e3o \u2013 Rubem Vasconcellos<\/p>\n","protected":false},"excerpt":{"rendered":"<p>O prefeito Juvenal Consolaro recebeu o Secret\u00e1rio Municipal de Sa\u00fade Pedro Ubiali e os t\u00e9cnicos e auxiliares de enfermagem do Munic\u00edpio, para um caf\u00e9 da manh\u00e3 em comemora\u00e7\u00e3o ao dia do t\u00e9cnico e auxiliar de enfermagem que foi no dia 20\/05. Na ocasi\u00e3o o prefeito parabenizou a todos os profissionais agradecendo pelo trabalho que vem [&hellip;]<\/p>\n","protected":false},"author":4,"featured_media":240812,"comment_status":"closed","ping_status":"closed","sticky":false,"template":"","format":"standard","meta":{"footnotes":""},"categories":[30],"tags":[],"class_list":["post-240811","post","type-post","status-publish","format-standard","has-post-thumbnail","hentry","category-figueirao"],"_links":{"self":[{"href":"https:\/\/www.ocorreionews.com.br\/acervo-correio\/index.php?rest_route=\/wp\/v2\/posts\/240811","targetHints":{"allow":["GET"]}}],"collection":[{"href":"https:\/\/www.ocorreionews.com.br\/acervo-correio\/index.php?rest_route=\/wp\/v2\/posts"}],"about":[{"href":"https:\/\/www.ocorreionews.com.br\/acervo-correio\/index.php?rest_route=\/wp\/v2\/types\/post"}],"author":[{"embeddable":true,"href":"https:\/\/www.ocorreionews.com.br\/acervo-correio\/index.php?rest_route=\/wp\/v2\/users\/4"}],"replies":[{"embeddable":true,"href":"https:\/\/www.ocorreionews.com.br\/acervo-correio\/index.php?rest_route=%2Fwp%2Fv2%2Fcomments&post=240811"}],"version-history":[{"count":1,"href":"https:\/\/www.ocorreionews.com.br\/acervo-correio\/index.php?rest_route=\/wp\/v2\/posts\/240811\/revisions"}],"predecessor-version":[{"id":240813,"href":"https:\/\/www.ocorreionews.com.br\/acervo-correio\/index.php?rest_route=\/wp\/v2\/posts\/240811\/revisions\/240813"}],"wp:featuredmedia":[{"embeddable":true,"href":"https:\/\/www.ocorreionews.com.br\/acervo-correio\/index.php?rest_route=\/wp\/v2\/media\/240812"}],"wp:attachment":[{"href":"https:\/\/www.ocorreionews.com.br\/acervo-correio\/index.php?rest_route=%2Fwp%2Fv2%2Fmedia&parent=240811"}],"wp:term":[{"taxonomy":"category","embeddable":true,"href":"https:\/\/www.ocorreionews.com.br\/acervo-correio\/index.php?rest_route=%2Fwp%2Fv2%2Fcategories&post=240811"},{"taxonomy":"post_tag","embeddable":true,"href":"https:\/\/www.ocorreionews.com.br\/acervo-correio\/index.php?rest_route=%2Fwp%2Fv2%2Ftags&post=240811"}],"curies":[{"name":"wp","href":"https:\/\/api.w.org\/{rel}","templated":true}]}}