{"id":240841,"date":"2023-05-25T10:15:06","date_gmt":"2023-05-25T14:15:06","guid":{"rendered":"https:\/\/www.ocorreionews.com.br\/acervo-correio\/?p=240841"},"modified":"2023-05-26T15:44:40","modified_gmt":"2023-05-26T19:44:40","slug":"deficit-habitacional-prefeitura-e-agehab-elaboram-estrategias-e-parcerias-para-solucionar-a-questao","status":"publish","type":"post","link":"https:\/\/www.ocorreionews.com.br\/acervo-correio\/?p=240841","title":{"rendered":"Prefeitura de Para\u00edso das \u00c1guas e Agehab elaboram estrat\u00e9gias e parcerias para solucionar a quest\u00e3o do D\u00e9ficit Habitacional na cidade"},"content":{"rendered":"<div class=\"leitura\">\n<p>O Prefeito de Para\u00edso das \u00c1guas, An\u00edzio Sobrinho de Andrade, acompanhado da Secret\u00e1ria Municipal de Assist\u00eancia Social, Habita\u00e7\u00e3o e Cidadania, Rozilda Pereira da Silva; da Assessora T\u00e9cnica de Conv\u00eanios e Projetos Estrat\u00e9gicos, Luciana Aimi; e dos vereadores Edson da Oficina e Marquinho do Pouso Alto, reuniu-se na \u00faltima semana com o diretor-executivo da Agehab (Ag\u00eancia de Habita\u00e7\u00e3o Popular de Mato Grosso do Sul), Ubiratan Rebou\u00e7as Chaves.<\/p>\n<p>Na pauta da reuni\u00e3o, alinhamentos estrat\u00e9gicos para enfrentar o d\u00e9ficit habitacional observado no munic\u00edpio de Para\u00edso das \u00c1guas.<\/p>\n<p>\u201cEstamos nos reunindo com a equipe da Agehab para juntos encontrarmos as melhores solu\u00e7\u00f5es para enfrentar o problema da falta de moradias observada em nosso munic\u00edpio nos \u00faltimos tempos. Para\u00edso das \u00c1guas est\u00e1 em franco crescimento, desenvolvendo dias ap\u00f3s dia, e precisamos do apoio do Governo do Estado de Mato Grosso do Sul para proporcionar para nossa popula\u00e7\u00e3o, ou para aqueles que aqui chegam, condi\u00e7\u00f5es para se instalar em nossa cidade\u201d, afirmou o prefeito An\u00edzio.<\/p>\n<p>Na reuni\u00e3o, foram analisadas propostas de diferentes programas habitacionais, como o Minha Casa Minha Vida e o Lote Urbanizado. Uma nova reuni\u00e3o ser\u00e1 marcada em breve para mais delibera\u00e7\u00f5es.<\/p>\n<p>&nbsp;<\/p>\n<p>*Assecom PMPA ( Diogo Rondon)Foto: Divulga\u00e7\u00e3o<\/p>\n<\/div>\n","protected":false},"excerpt":{"rendered":"<p>O Prefeito de Para\u00edso das \u00c1guas, An\u00edzio Sobrinho de Andrade, acompanhado da Secret\u00e1ria Municipal de Assist\u00eancia Social, Habita\u00e7\u00e3o e Cidadania, Rozilda Pereira da Silva; da Assessora T\u00e9cnica de Conv\u00eanios e Projetos Estrat\u00e9gicos, Luciana Aimi; e dos vereadores Edson da Oficina e Marquinho do Pouso Alto, reuniu-se na \u00faltima semana com o diretor-executivo da Agehab (Ag\u00eancia [&hellip;]<\/p>\n","protected":false},"author":4,"featured_media":240849,"comment_status":"closed","ping_status":"closed","sticky":false,"template":"","format":"standard","meta":{"footnotes":""},"categories":[36],"tags":[],"class_list":["post-240841","post","type-post","status-publish","format-standard","has-post-thumbnail","hentry","category-paraiso-das-aguas"],"_links":{"self":[{"href":"https:\/\/www.ocorreionews.com.br\/acervo-correio\/index.php?rest_route=\/wp\/v2\/posts\/240841","targetHints":{"allow":["GET"]}}],"collection":[{"href":"https:\/\/www.ocorreionews.com.br\/acervo-correio\/index.php?rest_route=\/wp\/v2\/posts"}],"about":[{"href":"https:\/\/www.ocorreionews.com.br\/acervo-correio\/index.php?rest_route=\/wp\/v2\/types\/post"}],"author":[{"embeddable":true,"href":"https:\/\/www.ocorreionews.com.br\/acervo-correio\/index.php?rest_route=\/wp\/v2\/users\/4"}],"replies":[{"embeddable":true,"href":"https:\/\/www.ocorreionews.com.br\/acervo-correio\/index.php?rest_route=%2Fwp%2Fv2%2Fcomments&post=240841"}],"version-history":[{"count":1,"href":"https:\/\/www.ocorreionews.com.br\/acervo-correio\/index.php?rest_route=\/wp\/v2\/posts\/240841\/revisions"}],"predecessor-version":[{"id":240847,"href":"https:\/\/www.ocorreionews.com.br\/acervo-correio\/index.php?rest_route=\/wp\/v2\/posts\/240841\/revisions\/240847"}],"wp:featuredmedia":[{"embeddable":true,"href":"https:\/\/www.ocorreionews.com.br\/acervo-correio\/index.php?rest_route=\/wp\/v2\/media\/240849"}],"wp:attachment":[{"href":"https:\/\/www.ocorreionews.com.br\/acervo-correio\/index.php?rest_route=%2Fwp%2Fv2%2Fmedia&parent=240841"}],"wp:term":[{"taxonomy":"category","embeddable":true,"href":"https:\/\/www.ocorreionews.com.br\/acervo-correio\/index.php?rest_route=%2Fwp%2Fv2%2Fcategories&post=240841"},{"taxonomy":"post_tag","embeddable":true,"href":"https:\/\/www.ocorreionews.com.br\/acervo-correio\/index.php?rest_route=%2Fwp%2Fv2%2Ftags&post=240841"}],"curies":[{"name":"wp","href":"https:\/\/api.w.org\/{rel}","templated":true}]}}