{"id":241057,"date":"2023-05-28T09:45:09","date_gmt":"2023-05-28T13:45:09","guid":{"rendered":"https:\/\/www.ocorreionews.com.br\/acervo-correio\/?p=241057"},"modified":"2023-05-28T16:07:17","modified_gmt":"2023-05-28T20:07:17","slug":"chapadao-do-sul-fara-parte-das-cidades-que-participarao-do-programa-voucher-transportador-comeca-inscricoes-em-julho","status":"publish","type":"post","link":"https:\/\/www.ocorreionews.com.br\/acervo-correio\/?p=241057","title":{"rendered":"Chapad\u00e3o do Sul far\u00e1 parte das cidades que participar\u00e3o do programa, \u201cVoucher Transportador\u201d come\u00e7a inscri\u00e7\u00f5es em julho"},"content":{"rendered":"<p>O programa \u201cVoucher Transportador\u201d que vai promover a qualifica\u00e7\u00e3o de mil motoristas de cargas, com \u201ccusto zero\u201d para inclus\u00e3o das letras \u201cD\u201d e \u201cE\u201d na carteira de habilita\u00e7\u00e3o, ter\u00e1 aberta suas inscri\u00e7\u00f5es em julho deste ano. Tamb\u00e9m houve aumento das cidades contempladas, com a entrada de Ribas do Rio Pardo.<\/p>\n<p>O Voucher Transportador faz parte do plano estadual \u201cMS Qualifica\u201d, criado pelo Governo do Estado com a miss\u00e3o de promover a capacita\u00e7\u00e3o de trabalhadores, em \u00e1reas que tem vagas de emprego abertas, mas n\u00e3o s\u00e3o preenchidas por falta de m\u00e3o de obra qualificada. O objetivo \u00e9 gerar empregos, aumentar a renda popula\u00e7\u00e3o e promover a inclus\u00e3o das pessoas que est\u00e3o fora do mercado.<\/p>\n<p>Com a aprova\u00e7\u00e3o na Assembleia e san\u00e7\u00e3o do governador Eduardo Riedel, o pr\u00f3ximo passo do programa \u00e9 um decreto estabelecendo os crit\u00e9rios de sele\u00e7\u00e3o e logo depois a abertura das inscri\u00e7\u00f5es. O foco \u00e9 selecionar aqueles com grande possibilidade de empregabilidade, ou seja, profissionais que v\u00e3o se capacitar e buscar os empregos abertos.<\/p>\n<p>Quem vai realizar os cursos de qualifica\u00e7\u00e3o ser\u00e1 ao Sest Senac, em uma parceria e conv\u00eanio firmados com o Governo do Estado. A Semadesc (Secretaria Estadual de Meio Ambiente, Desenvolvimento, Ci\u00eancia, Tecnologia e Inova\u00e7\u00e3o) estar\u00e1 \u00e0 frente do programa. O Detran-MS tamb\u00e9m ter\u00e1 papel primordial, com a isen\u00e7\u00e3o das taxas para os motoristas que precisam incluir as letras D e E na habilita\u00e7\u00e3o.<\/p>\n<p>As vagas (qualifica\u00e7\u00e3o) ser\u00e3o distribu\u00eddas nas cidades de Campo Grande, Tr\u00eas Lagoas, Dourados, Corumb\u00e1, <strong>Chapad\u00e3o do Sul<\/strong>, S\u00e3o Gabriel do Oeste e Ribas do Rio Pardo. Esta \u00faltima foi inclu\u00edda porque o munic\u00edpio sedia a constru\u00e7\u00e3o da f\u00e1brica de celulose da Suzano, o que gera uma grande demanda de motoristas, para o transporte de cargas.<\/p>\n<p>A cria\u00e7\u00e3o do programa atende uma demanda do setor de transportes, j\u00e1 que muitas vagas para motoristas est\u00e3o abertas, no entanto, faltam profissionais qualificados para preencher os cargos. \u00a0O plano estadual \u201cMS Qualifica\u201d tem justamente este objetivo, que \u00e9 capacitar trabalhadores, em \u00e1reas que tem empregos dispon\u00edveis.<\/p>\n<p><em>Leonardo Rocha, Comunica\u00e7\u00e3o do Governo de MS<\/em><\/p>\n","protected":false},"excerpt":{"rendered":"<p>O programa \u201cVoucher Transportador\u201d que vai promover a qualifica\u00e7\u00e3o de mil motoristas de cargas, com \u201ccusto zero\u201d para inclus\u00e3o das letras \u201cD\u201d e \u201cE\u201d na carteira de habilita\u00e7\u00e3o, ter\u00e1 aberta suas inscri\u00e7\u00f5es em julho deste ano. Tamb\u00e9m houve aumento das cidades contempladas, com a entrada de Ribas do Rio Pardo. O Voucher Transportador faz parte [&hellip;]<\/p>\n","protected":false},"author":5,"featured_media":241062,"comment_status":"closed","ping_status":"closed","sticky":false,"template":"","format":"standard","meta":{"footnotes":""},"categories":[23,41,37],"tags":[],"class_list":["post-241057","post","type-post","status-publish","format-standard","has-post-thumbnail","hentry","category-chapadao-do-sul","category-destaque","category-politica"],"_links":{"self":[{"href":"https:\/\/www.ocorreionews.com.br\/acervo-correio\/index.php?rest_route=\/wp\/v2\/posts\/241057","targetHints":{"allow":["GET"]}}],"collection":[{"href":"https:\/\/www.ocorreionews.com.br\/acervo-correio\/index.php?rest_route=\/wp\/v2\/posts"}],"about":[{"href":"https:\/\/www.ocorreionews.com.br\/acervo-correio\/index.php?rest_route=\/wp\/v2\/types\/post"}],"author":[{"embeddable":true,"href":"https:\/\/www.ocorreionews.com.br\/acervo-correio\/index.php?rest_route=\/wp\/v2\/users\/5"}],"replies":[{"embeddable":true,"href":"https:\/\/www.ocorreionews.com.br\/acervo-correio\/index.php?rest_route=%2Fwp%2Fv2%2Fcomments&post=241057"}],"version-history":[{"count":1,"href":"https:\/\/www.ocorreionews.com.br\/acervo-correio\/index.php?rest_route=\/wp\/v2\/posts\/241057\/revisions"}],"predecessor-version":[{"id":241063,"href":"https:\/\/www.ocorreionews.com.br\/acervo-correio\/index.php?rest_route=\/wp\/v2\/posts\/241057\/revisions\/241063"}],"wp:featuredmedia":[{"embeddable":true,"href":"https:\/\/www.ocorreionews.com.br\/acervo-correio\/index.php?rest_route=\/wp\/v2\/media\/241062"}],"wp:attachment":[{"href":"https:\/\/www.ocorreionews.com.br\/acervo-correio\/index.php?rest_route=%2Fwp%2Fv2%2Fmedia&parent=241057"}],"wp:term":[{"taxonomy":"category","embeddable":true,"href":"https:\/\/www.ocorreionews.com.br\/acervo-correio\/index.php?rest_route=%2Fwp%2Fv2%2Fcategories&post=241057"},{"taxonomy":"post_tag","embeddable":true,"href":"https:\/\/www.ocorreionews.com.br\/acervo-correio\/index.php?rest_route=%2Fwp%2Fv2%2Ftags&post=241057"}],"curies":[{"name":"wp","href":"https:\/\/api.w.org\/{rel}","templated":true}]}}