{"id":241157,"date":"2023-05-29T09:30:37","date_gmt":"2023-05-29T13:30:37","guid":{"rendered":"https:\/\/www.ocorreionews.com.br\/acervo-correio\/?p=241157"},"modified":"2023-05-29T13:27:01","modified_gmt":"2023-05-29T17:27:01","slug":"quatro-pessoas-ficam-feridas-apos-capotamento-em-ribanceira-na-br-060-em-paraiso-das-aguas","status":"publish","type":"post","link":"https:\/\/www.ocorreionews.com.br\/acervo-correio\/?p=241157","title":{"rendered":"Quatro pessoas ficam feridas ap\u00f3s capotamento em ribanceira na BR-060 em Para\u00edso das \u00c1guas"},"content":{"rendered":"<p>Na noite do \u00faltimo s\u00e1bado (27) a Pol\u00edcia Militar de Para\u00edso das \u00c1guas foi acionada para atender um acidente na rodovia BR 060, na altura do KM 67, na Serra Sucuri\u00fa, onde um ve\u00edculo Fiat P\u00e1lio, com placas de Campo Grande (MS), capotou em uma ribanceira.<\/p>\n<p>Conforme o hist\u00f3rico da ocorr\u00eancia policial, o motorista do ve\u00edculo perdeu o controle, capotando o ve\u00edculo e parando em uma ribanceira \u00e0s margens da rodovia.<\/p>\n<p>Quatro pessoas, inclusive uma crian\u00e7a estavam no ve\u00edculo.<\/p>\n<p>As v\u00edtimas fora socorridas pelos policiais militares, populares e pela equipe de sa\u00fade do PAM (Pronto Atendimento M\u00e9dico), para onde foram levadas.<\/p>\n<p>N\u00e3o h\u00e1 informa\u00e7\u00f5es do estado de sa\u00fade dos ocupantes do ve\u00edculo.<\/p>\n<p>A PRF (Pol\u00edcia Rodovi\u00e1ria Federal) foi acionada e esteve no local.<\/p>\n<p><img decoding=\"async\" src=\"https:\/\/www.bncnoticias.com.br\/arquivos\/noticias\/14888\/galeria\/IMG-20230529-WA0100.jpg\" \/><\/p>\n<p>&nbsp;<\/p>\n<p>*BNC Notic\u00edas<\/p>\n","protected":false},"excerpt":{"rendered":"<p>Na noite do \u00faltimo s\u00e1bado (27) a Pol\u00edcia Militar de Para\u00edso das \u00c1guas foi acionada para atender um acidente na rodovia BR 060, na altura do KM 67, na Serra Sucuri\u00fa, onde um ve\u00edculo Fiat P\u00e1lio, com placas de Campo Grande (MS), capotou em uma ribanceira. Conforme o hist\u00f3rico da ocorr\u00eancia policial, o motorista do [&hellip;]<\/p>\n","protected":false},"author":5,"featured_media":241159,"comment_status":"closed","ping_status":"closed","sticky":false,"template":"","format":"standard","meta":{"footnotes":""},"categories":[41,36,38],"tags":[],"class_list":["post-241157","post","type-post","status-publish","format-standard","has-post-thumbnail","hentry","category-destaque","category-paraiso-das-aguas","category-policia"],"_links":{"self":[{"href":"https:\/\/www.ocorreionews.com.br\/acervo-correio\/index.php?rest_route=\/wp\/v2\/posts\/241157","targetHints":{"allow":["GET"]}}],"collection":[{"href":"https:\/\/www.ocorreionews.com.br\/acervo-correio\/index.php?rest_route=\/wp\/v2\/posts"}],"about":[{"href":"https:\/\/www.ocorreionews.com.br\/acervo-correio\/index.php?rest_route=\/wp\/v2\/types\/post"}],"author":[{"embeddable":true,"href":"https:\/\/www.ocorreionews.com.br\/acervo-correio\/index.php?rest_route=\/wp\/v2\/users\/5"}],"replies":[{"embeddable":true,"href":"https:\/\/www.ocorreionews.com.br\/acervo-correio\/index.php?rest_route=%2Fwp%2Fv2%2Fcomments&post=241157"}],"version-history":[{"count":1,"href":"https:\/\/www.ocorreionews.com.br\/acervo-correio\/index.php?rest_route=\/wp\/v2\/posts\/241157\/revisions"}],"predecessor-version":[{"id":241160,"href":"https:\/\/www.ocorreionews.com.br\/acervo-correio\/index.php?rest_route=\/wp\/v2\/posts\/241157\/revisions\/241160"}],"wp:featuredmedia":[{"embeddable":true,"href":"https:\/\/www.ocorreionews.com.br\/acervo-correio\/index.php?rest_route=\/wp\/v2\/media\/241159"}],"wp:attachment":[{"href":"https:\/\/www.ocorreionews.com.br\/acervo-correio\/index.php?rest_route=%2Fwp%2Fv2%2Fmedia&parent=241157"}],"wp:term":[{"taxonomy":"category","embeddable":true,"href":"https:\/\/www.ocorreionews.com.br\/acervo-correio\/index.php?rest_route=%2Fwp%2Fv2%2Fcategories&post=241157"},{"taxonomy":"post_tag","embeddable":true,"href":"https:\/\/www.ocorreionews.com.br\/acervo-correio\/index.php?rest_route=%2Fwp%2Fv2%2Ftags&post=241157"}],"curies":[{"name":"wp","href":"https:\/\/api.w.org\/{rel}","templated":true}]}}