{"id":241161,"date":"2023-05-29T09:48:59","date_gmt":"2023-05-29T13:48:59","guid":{"rendered":"https:\/\/www.ocorreionews.com.br\/acervo-correio\/?p=241161"},"modified":"2023-05-29T09:48:59","modified_gmt":"2023-05-29T13:48:59","slug":"homem-invade-casa-leva-irmaos-para-corrego-e-obriga-meninas-a-ficarem-nuas-em-ms","status":"publish","type":"post","link":"https:\/\/www.ocorreionews.com.br\/acervo-correio\/?p=241161","title":{"rendered":"Homem invade casa, leva irm\u00e3os para c\u00f3rrego e obriga meninas a ficarem nuas em MS"},"content":{"rendered":"<div class=\"elementor-element elementor-element-33095f69 elementor-widget elementor-widget-theme-post-content\" data-id=\"33095f69\" data-element_type=\"widget\" data-widget_type=\"theme-post-content.default\">\n<div class=\"elementor-widget-container\">\n<p>Tr\u00eas irm\u00e3os, de 3, 10 e 14 anos, foram levados \u00e0 for\u00e7a para a beira de um c\u00f3rrego por um desconhecido armado com uma faca, na cidade de Paranhos, a 477 quil\u00f4metros de Campo Grande. Ele amea\u00e7ou matar o menino de 3 anos.<\/p>\n<p>O caso aconteceu na \u00faltima quarta-feira (24), quando, segundo informa\u00e7\u00f5es, as crian\u00e7as estavam sozinhas em casa e viram o homem invadindo a resid\u00eancia. Elas correram e se trancaram em um dos quartos, mas o homem que estava com uma faca arrombou a porta.<\/p>\n<p>Ele for\u00e7ou as crian\u00e7as a irem at\u00e9 um c\u00f3rrego onde estaria o comparsa. L\u00e1, o autor disse que estava atr\u00e1s do pai dos irm\u00e3os e que iria mat\u00e1-lo. O homem ainda fez as meninas tirarem as roupas, sendo que neste momento a m\u00e3e das crian\u00e7as chegou ao local.<\/p>\n<p>O autor fugiu correndo para dentro da mata e foi perseguido pelo pai das crian\u00e7as, mas n\u00e3o foi alcan\u00e7ado.<\/p>\n<\/div>\n<\/div>\n<p>&nbsp;<\/p>\n<p>*Midiamax &#8211; Thatiana Melo<\/p>\n<div class=\"elementor-element elementor-element-ec9eab2 elementor-widget__width-auto elementor-widget elementor-widget-text-editor\" data-id=\"ec9eab2\" data-element_type=\"widget\" data-widget_type=\"text-editor.default\">\n<div class=\"elementor-widget-container\"><\/div>\n<\/div>\n","protected":false},"excerpt":{"rendered":"<p>Tr\u00eas irm\u00e3os, de 3, 10 e 14 anos, foram levados \u00e0 for\u00e7a para a beira de um c\u00f3rrego por um desconhecido armado com uma faca, na cidade de Paranhos, a 477 quil\u00f4metros de Campo Grande. Ele amea\u00e7ou matar o menino de 3 anos. O caso aconteceu na \u00faltima quarta-feira (24), quando, segundo informa\u00e7\u00f5es, as crian\u00e7as [&hellip;]<\/p>\n","protected":false},"author":5,"featured_media":217884,"comment_status":"closed","ping_status":"closed","sticky":false,"template":"","format":"standard","meta":{"footnotes":""},"categories":[38],"tags":[],"class_list":["post-241161","post","type-post","status-publish","format-standard","has-post-thumbnail","hentry","category-policia"],"_links":{"self":[{"href":"https:\/\/www.ocorreionews.com.br\/acervo-correio\/index.php?rest_route=\/wp\/v2\/posts\/241161","targetHints":{"allow":["GET"]}}],"collection":[{"href":"https:\/\/www.ocorreionews.com.br\/acervo-correio\/index.php?rest_route=\/wp\/v2\/posts"}],"about":[{"href":"https:\/\/www.ocorreionews.com.br\/acervo-correio\/index.php?rest_route=\/wp\/v2\/types\/post"}],"author":[{"embeddable":true,"href":"https:\/\/www.ocorreionews.com.br\/acervo-correio\/index.php?rest_route=\/wp\/v2\/users\/5"}],"replies":[{"embeddable":true,"href":"https:\/\/www.ocorreionews.com.br\/acervo-correio\/index.php?rest_route=%2Fwp%2Fv2%2Fcomments&post=241161"}],"version-history":[{"count":1,"href":"https:\/\/www.ocorreionews.com.br\/acervo-correio\/index.php?rest_route=\/wp\/v2\/posts\/241161\/revisions"}],"predecessor-version":[{"id":241162,"href":"https:\/\/www.ocorreionews.com.br\/acervo-correio\/index.php?rest_route=\/wp\/v2\/posts\/241161\/revisions\/241162"}],"wp:featuredmedia":[{"embeddable":true,"href":"https:\/\/www.ocorreionews.com.br\/acervo-correio\/index.php?rest_route=\/wp\/v2\/media\/217884"}],"wp:attachment":[{"href":"https:\/\/www.ocorreionews.com.br\/acervo-correio\/index.php?rest_route=%2Fwp%2Fv2%2Fmedia&parent=241161"}],"wp:term":[{"taxonomy":"category","embeddable":true,"href":"https:\/\/www.ocorreionews.com.br\/acervo-correio\/index.php?rest_route=%2Fwp%2Fv2%2Fcategories&post=241161"},{"taxonomy":"post_tag","embeddable":true,"href":"https:\/\/www.ocorreionews.com.br\/acervo-correio\/index.php?rest_route=%2Fwp%2Fv2%2Ftags&post=241161"}],"curies":[{"name":"wp","href":"https:\/\/api.w.org\/{rel}","templated":true}]}}