{"id":241163,"date":"2023-05-29T10:16:58","date_gmt":"2023-05-29T14:16:58","guid":{"rendered":"https:\/\/www.ocorreionews.com.br\/acervo-correio\/?p=241163"},"modified":"2023-05-29T10:16:58","modified_gmt":"2023-05-29T14:16:58","slug":"na-semana-do-mei-empreendedores-de-paraiso-das-aguas-recebem-capacitacoes-para-a-melhoria-do-negocio","status":"publish","type":"post","link":"https:\/\/www.ocorreionews.com.br\/acervo-correio\/?p=241163","title":{"rendered":"Na Semana do MEI, empreendedores de Para\u00edso das \u00c1guas recebem capacita\u00e7\u00f5es para a melhoria do neg\u00f3cio"},"content":{"rendered":"<div class=\"leitura\">\n<p>Na ultima quinta-feira (25), empreendedores de Para\u00edso das \u00c1guas participaram de capacita\u00e7\u00f5es gratuitas voltadas para o aumento das vendas levadas para o munic\u00edpio pela Semana do MEI. Realizada pelo Sebrae\/MS em parceria com a Prefeitura Municipal, por meio do Programa Cidade Empreendedora, a a\u00e7\u00e3o tamb\u00e9m contou com atendimento para empres\u00e1rios e para aqueles que desejam abrir o pr\u00f3prio neg\u00f3cio.<\/p>\n<p>A Semana do MEI veio para fomentar o empreendedorismo e apoiar os empres\u00e1rios para que eles possam melhorar a empresa, de acordo com o analista-t\u00e9cnico do Sebrae\/MS, Lucas Borelli. \u201cLevamos conhecimento para que os empreendedores pudessem aplicar novas t\u00e9cnicas ao neg\u00f3cio e, com isso, aumentar as vendas e a lucratividade, al\u00e9m de inspir\u00e1-los a adotarem boas pr\u00e1ticas. Com esse trabalho, a gente incentiva o empreendedorismo no munic\u00edpio e fomenta a gera\u00e7\u00e3o de emprego e renda, em prol do desenvolvimento\u201d, destacou Borelli.<\/p>\n<p>Segundo o secret\u00e1rio de Desenvolvimento Econ\u00f4mico, Meio ambiente e Turismo do munic\u00edpio, Wilson Matheus, a inciativa \u00e9 importante principalmente para os pequenos neg\u00f3cios, que t\u00eam a oportunidade de se atualizarem e ficarem por dentro das tend\u00eancias ligadas ao empreendedorismo, contribuindo para o desenvolvimento do munic\u00edpio como um todo. \u201cEssas palestras trazem mais clareza para os empreendedores da regi\u00e3o, al\u00e9m de deix\u00e1-los por dentro das novidades de como se conduzir um com\u00e9rcio melhor e organizar a empresa economicamente\u201d, afirmou o secret\u00e1rio.<\/p>\n<p>Na data foram realizadas duas palestras com as tem\u00e1ticas \u201cHabilidades pr\u00e1ticas de um novo vendedor\u201d e \u201cQuero vender mais e agora?\u201d. As duas capacita\u00e7\u00f5es apresentaram dicas para a melhoria do atendimento e fideliza\u00e7\u00e3o dos clientes.<\/p>\n<p>Quem participou das palestras como Maria Jos\u00e9 de Lima, propriet\u00e1ria da Sorveteria Para\u00edso, enalteceu como o conte\u00fado apresentado contribuiu para que ela adquirisse novos conhecimentos. \u201cO bom vendedor \u00e9 aquele que tem um bom di\u00e1logo com os clientes, ent\u00e3o participar da palestra foi importante para pegar umas dicas para melhorar cada vez mais o meu atendimento\u201d, declarou a empreendedora.<\/p>\n<p>J\u00e1 o gerente\u00a0da empresa Nova Gera\u00e7\u00e3o, Isis Leonel, encontrou na palestra uma forma de acompanhar as novas tend\u00eancias e entender como aplic\u00e1-las na empresa. \u201cA gente precisa se atualizar sempre, para n\u00e3o perder espa\u00e7o para as outras empresas que est\u00e3o no mercado e o Cidade Empreendedora t\u00eam ajudado muito a gente nisso com as capacita\u00e7\u00f5es\u201d, relatou o empres\u00e1rio.<\/p>\n<p>Mais informa\u00e7\u00f5es sobre o programa Cidade Empreendedora podem ser obtidas por meio do n\u00famero 0800 570 0800 ou pelo site <a href=\"https:\/\/cidadeempreendedora.ms.sebrae.com.br\/\">cidadeempreendedora.ms.sebrae.com.br<\/a>.<\/p>\n<\/div>\n<p>&nbsp;<\/p>\n<p>&nbsp;<\/p>\n<p>&nbsp;<\/p>\n<p>*Assecom PMPA<\/p>\n","protected":false},"excerpt":{"rendered":"<p>Na ultima quinta-feira (25), empreendedores de Para\u00edso das \u00c1guas participaram de capacita\u00e7\u00f5es gratuitas voltadas para o aumento das vendas levadas para o munic\u00edpio pela Semana do MEI. Realizada pelo Sebrae\/MS em parceria com a Prefeitura Municipal, por meio do Programa Cidade Empreendedora, a a\u00e7\u00e3o tamb\u00e9m contou com atendimento para empres\u00e1rios e para aqueles que desejam [&hellip;]<\/p>\n","protected":false},"author":5,"featured_media":241164,"comment_status":"closed","ping_status":"closed","sticky":false,"template":"","format":"standard","meta":{"footnotes":""},"categories":[36],"tags":[],"class_list":["post-241163","post","type-post","status-publish","format-standard","has-post-thumbnail","hentry","category-paraiso-das-aguas"],"_links":{"self":[{"href":"https:\/\/www.ocorreionews.com.br\/acervo-correio\/index.php?rest_route=\/wp\/v2\/posts\/241163","targetHints":{"allow":["GET"]}}],"collection":[{"href":"https:\/\/www.ocorreionews.com.br\/acervo-correio\/index.php?rest_route=\/wp\/v2\/posts"}],"about":[{"href":"https:\/\/www.ocorreionews.com.br\/acervo-correio\/index.php?rest_route=\/wp\/v2\/types\/post"}],"author":[{"embeddable":true,"href":"https:\/\/www.ocorreionews.com.br\/acervo-correio\/index.php?rest_route=\/wp\/v2\/users\/5"}],"replies":[{"embeddable":true,"href":"https:\/\/www.ocorreionews.com.br\/acervo-correio\/index.php?rest_route=%2Fwp%2Fv2%2Fcomments&post=241163"}],"version-history":[{"count":1,"href":"https:\/\/www.ocorreionews.com.br\/acervo-correio\/index.php?rest_route=\/wp\/v2\/posts\/241163\/revisions"}],"predecessor-version":[{"id":241166,"href":"https:\/\/www.ocorreionews.com.br\/acervo-correio\/index.php?rest_route=\/wp\/v2\/posts\/241163\/revisions\/241166"}],"wp:featuredmedia":[{"embeddable":true,"href":"https:\/\/www.ocorreionews.com.br\/acervo-correio\/index.php?rest_route=\/wp\/v2\/media\/241164"}],"wp:attachment":[{"href":"https:\/\/www.ocorreionews.com.br\/acervo-correio\/index.php?rest_route=%2Fwp%2Fv2%2Fmedia&parent=241163"}],"wp:term":[{"taxonomy":"category","embeddable":true,"href":"https:\/\/www.ocorreionews.com.br\/acervo-correio\/index.php?rest_route=%2Fwp%2Fv2%2Fcategories&post=241163"},{"taxonomy":"post_tag","embeddable":true,"href":"https:\/\/www.ocorreionews.com.br\/acervo-correio\/index.php?rest_route=%2Fwp%2Fv2%2Ftags&post=241163"}],"curies":[{"name":"wp","href":"https:\/\/api.w.org\/{rel}","templated":true}]}}