{"id":241170,"date":"2023-05-29T13:18:01","date_gmt":"2023-05-29T17:18:01","guid":{"rendered":"https:\/\/www.ocorreionews.com.br\/acervo-correio\/?p=241170"},"modified":"2023-05-29T13:18:01","modified_gmt":"2023-05-29T17:18:01","slug":"grupo-ubu-comemora-32-anos-em-cena-e-faz-apresentacao-em-alcinopolis","status":"publish","type":"post","link":"https:\/\/www.ocorreionews.com.br\/acervo-correio\/?p=241170","title":{"rendered":"Grupo UBU comemora 32 anos em Cena e faz apresenta\u00e7\u00e3o em Alcin\u00f3polis"},"content":{"rendered":"<p>Na \u00faltima sexta-feira (26.05) o Grupo UBU se apresentou em nosso munic\u00edpio e encantou o p\u00fablico.<\/p>\n<p>O espet\u00e1culo \u201cUma mo\u00e7a da cidade\u201d foi apresentada na Escola Municipal \u201cAlcino Carneiro\u201d e encantou as crian\u00e7as, adolescentes e adultos que prestigiaram a apresenta\u00e7\u00e3o.<\/p>\n<p>Em comemora\u00e7\u00e3o aos 32 anos do Grupo, o espet\u00e1culo ser\u00e1 apresentado em 12 cidades do Estado de Mato Grosso do Sul e tamb\u00e9m ser\u00e1 realizada Oficinas de Pr\u00e1ticas C\u00eanicas.<\/p>\n<p>O projeto do Grupo UBU com o espet\u00e1culo \u201cUma mo\u00e7a da cidade\u201d foi vencedora do edital FIC\/ MS 2021 da Funda\u00e7\u00e3o de Cultura, Estado de Mato Grosso do Sul e as apresenta\u00e7\u00f5es ser\u00e3o gratuitas e distribu\u00eddas pelas regi\u00f5es Norte e Nordeste do estado.<\/p>\n<p>O espet\u00e1culo surgiu a partir de um conto escrito pelo ator e diretor Anderson Bosch, baseado em fatos reais da fam\u00edlia dele, e conta as desventuras de uma mo\u00e7a do interior (Ambrosina) numa cidade grande, que se apaixona, mas n\u00e3o tem o amor correspondido. Ambientado em Campo Grande na d\u00e9cada de 50, a pe\u00e7a explora uma vertente da com\u00e9dia e os atores fazem uma performance em sincronia perfeita, j\u00e1 que a personagem principal se revezava entre tr\u00eas atores.<\/p>\n<p>A apresenta\u00e7\u00e3o em nossa cidade se deu atrav\u00e9s de uma parceria da Prefeitura Municipal, Secretaria Municipal de Educa\u00e7\u00e3o, Cultura e Esportes e Funda\u00e7\u00e3o de Cultura de Mato Grosso do Sul.<\/p>\n<p>As cidades contempladas para receber o Grupo UBU s\u00e3o: Ribas do Rio Pardo; \u00c1gua Clara; Alcin\u00f3polis; Costa Rica; Figueir\u00e3o; Camapu\u00e3; Chapad\u00e3o do Sul; Cassil\u00e2ndia; Parana\u00edba; Aparecida do Taboado; Paraiso das \u00c1guas e Inoc\u00eancia.<\/p>\n<p>Estiveram prestigiando o evento o Secret\u00e1rio de Educa\u00e7\u00e3o, Jesus Aparecido, o vereador Ademir M\u00fcller, Diretora da EMAC, Marcia Aranda, Diretora Escola Estadual Prof.\u00aa Romilda Costa Carneiro, Prof.\u00aa Amanda, Coordenadora do CMEI, Prof.\u00aa Sebastiana.<\/p>\n<p>Fonte\/Fotos: Assecom\/Prefeitura de Alcin\u00f3polis\/Simone Nogueira<\/p>\n","protected":false},"excerpt":{"rendered":"<p>Na \u00faltima sexta-feira (26.05) o Grupo UBU se apresentou em nosso munic\u00edpio e encantou o p\u00fablico. O espet\u00e1culo \u201cUma mo\u00e7a da cidade\u201d foi apresentada na Escola Municipal \u201cAlcino Carneiro\u201d e encantou as crian\u00e7as, adolescentes e adultos que prestigiaram a apresenta\u00e7\u00e3o. Em comemora\u00e7\u00e3o aos 32 anos do Grupo, o espet\u00e1culo ser\u00e1 apresentado em 12 cidades do [&hellip;]<\/p>\n","protected":false},"author":4,"featured_media":241174,"comment_status":"closed","ping_status":"closed","sticky":false,"template":"","format":"standard","meta":{"footnotes":""},"categories":[18],"tags":[],"class_list":["post-241170","post","type-post","status-publish","format-standard","has-post-thumbnail","hentry","category-alcinopolis"],"_links":{"self":[{"href":"https:\/\/www.ocorreionews.com.br\/acervo-correio\/index.php?rest_route=\/wp\/v2\/posts\/241170","targetHints":{"allow":["GET"]}}],"collection":[{"href":"https:\/\/www.ocorreionews.com.br\/acervo-correio\/index.php?rest_route=\/wp\/v2\/posts"}],"about":[{"href":"https:\/\/www.ocorreionews.com.br\/acervo-correio\/index.php?rest_route=\/wp\/v2\/types\/post"}],"author":[{"embeddable":true,"href":"https:\/\/www.ocorreionews.com.br\/acervo-correio\/index.php?rest_route=\/wp\/v2\/users\/4"}],"replies":[{"embeddable":true,"href":"https:\/\/www.ocorreionews.com.br\/acervo-correio\/index.php?rest_route=%2Fwp%2Fv2%2Fcomments&post=241170"}],"version-history":[{"count":1,"href":"https:\/\/www.ocorreionews.com.br\/acervo-correio\/index.php?rest_route=\/wp\/v2\/posts\/241170\/revisions"}],"predecessor-version":[{"id":241175,"href":"https:\/\/www.ocorreionews.com.br\/acervo-correio\/index.php?rest_route=\/wp\/v2\/posts\/241170\/revisions\/241175"}],"wp:featuredmedia":[{"embeddable":true,"href":"https:\/\/www.ocorreionews.com.br\/acervo-correio\/index.php?rest_route=\/wp\/v2\/media\/241174"}],"wp:attachment":[{"href":"https:\/\/www.ocorreionews.com.br\/acervo-correio\/index.php?rest_route=%2Fwp%2Fv2%2Fmedia&parent=241170"}],"wp:term":[{"taxonomy":"category","embeddable":true,"href":"https:\/\/www.ocorreionews.com.br\/acervo-correio\/index.php?rest_route=%2Fwp%2Fv2%2Fcategories&post=241170"},{"taxonomy":"post_tag","embeddable":true,"href":"https:\/\/www.ocorreionews.com.br\/acervo-correio\/index.php?rest_route=%2Fwp%2Fv2%2Ftags&post=241170"}],"curies":[{"name":"wp","href":"https:\/\/api.w.org\/{rel}","templated":true}]}}