{"id":241182,"date":"2023-05-29T13:57:43","date_gmt":"2023-05-29T17:57:43","guid":{"rendered":"https:\/\/www.ocorreionews.com.br\/acervo-correio\/?p=241182"},"modified":"2023-05-29T13:57:43","modified_gmt":"2023-05-29T17:57:43","slug":"prefeitura-de-chapadao-do-sul-apresenta-projeto-do-novo-ecoponto-e-quer-saber-voce-e-a-favor-da-volta-dos-ecopontos","status":"publish","type":"post","link":"https:\/\/www.ocorreionews.com.br\/acervo-correio\/?p=241182","title":{"rendered":"Prefeitura de Chapad\u00e3o do Sul apresenta projeto do novo ecoponto e quer saber: voc\u00ea \u00e9 a favor da volta dos Ecopontos?"},"content":{"rendered":"<p>Ap\u00f3s visita na \u00e1rea de descarte irregular de lixo no final da Avenida Mato Grosso do Sul, o prefeito em exerc\u00edcio Dr. Jo\u00e3o Buzoli solicitou uma solu\u00e7\u00e3o para o problema.<\/p>\n<p>A quest\u00e3o foi debatida pelo prefeito junto com o Secret\u00e1rio de Governo Felipe Batista e o Secret\u00e1rio de Obras Ivanor Zorzo, que chegaram no consenso pela instala\u00e7\u00e3o de um ecoponto e como deveria ser seu funcionamento.<\/p>\n<p>A proposta do projeto foi elaborada pelo pr\u00f3prio Secret\u00e1rio de Governo que \u00e9 Arquiteto e Urbanista.<\/p>\n<p>O projeto prev\u00ea uma \u00e1rea cercada, guarita para um orientador e ba\u00edas de descarte de entulhos, galhadas e volumosos, com tamanho de uma carga de carreta e recolhimento com p\u00e1 carregadeira.<\/p>\n<p>O ecoponto tamb\u00e9m ter\u00e1 local para descarte de recicl\u00e1veis e m\u00f3veis usados que ser\u00e3o destinados ao galp\u00e3o solid\u00e1rio para reforma e doa\u00e7\u00e3o.<\/p>\n<p>&#8220;Quando fui secret\u00e1rio de Desenvolvimento Econ\u00f4mico e Meio Ambiente -Sedema, implantamos os ecopontos num modelo piloto de baixo custo para testar a ideia. A \u00e1rea era aberta e com ca\u00e7ambas pequenas que enchiam rapidamente&#8221;.<\/p>\n<p>&#8220;Com nossa experi\u00eancia, o formato agora proposto otimiza o funcionamento e recolhimento dos materiais descartados. O orientador \u00e9 fundamental para o bom funcionamento e organiza\u00e7\u00e3o do local.<\/p>\n<p>A implanta\u00e7\u00e3o do ecoponto vai regularizar o descarte e recuperar aquela \u00e1rea que \u00e9 constantemente\u00a0 degradada&#8221;. Comentou o Secret\u00e1rio de Governo Felipe Batista<\/p>\n<p>Para o prefeito em exerc\u00edcio Dr. Jo\u00e3o Buzoli, \u00e9 fundamental a popula\u00e7\u00e3o participar das tomadas de decis\u00f5es do executivo.<\/p>\n<p>&#8220;Nosso papel \u00e9 propor solu\u00e7\u00f5es, mas quem mais sabe o que \u00e9 prioridade de investimento \u00e9 o cidad\u00e3o. Precisamos ser acertivos com o dinheiro p\u00fablico&#8221; Disse.<\/p>\n<p>Vale lembrar que o executivo iniciou nessa segunda 31, a semana da gest\u00e3o participativa, onde o cidad\u00e3o pode dar sua sugest\u00e3o atrav\u00e9s da ouvidoria para esse e outros projetos para termos uma cidade melhor e mais linda.<\/p>\n<p>&nbsp;<\/p>\n<p>*Assessoria de Imprensa<\/p>\n","protected":false},"excerpt":{"rendered":"<p>Ap\u00f3s visita na \u00e1rea de descarte irregular de lixo no final da Avenida Mato Grosso do Sul, o prefeito em exerc\u00edcio Dr. Jo\u00e3o Buzoli solicitou uma solu\u00e7\u00e3o para o problema. A quest\u00e3o foi debatida pelo prefeito junto com o Secret\u00e1rio de Governo Felipe Batista e o Secret\u00e1rio de Obras Ivanor Zorzo, que chegaram no consenso [&hellip;]<\/p>\n","protected":false},"author":5,"featured_media":241183,"comment_status":"closed","ping_status":"closed","sticky":false,"template":"","format":"standard","meta":{"footnotes":""},"categories":[23],"tags":[],"class_list":["post-241182","post","type-post","status-publish","format-standard","has-post-thumbnail","hentry","category-chapadao-do-sul"],"_links":{"self":[{"href":"https:\/\/www.ocorreionews.com.br\/acervo-correio\/index.php?rest_route=\/wp\/v2\/posts\/241182","targetHints":{"allow":["GET"]}}],"collection":[{"href":"https:\/\/www.ocorreionews.com.br\/acervo-correio\/index.php?rest_route=\/wp\/v2\/posts"}],"about":[{"href":"https:\/\/www.ocorreionews.com.br\/acervo-correio\/index.php?rest_route=\/wp\/v2\/types\/post"}],"author":[{"embeddable":true,"href":"https:\/\/www.ocorreionews.com.br\/acervo-correio\/index.php?rest_route=\/wp\/v2\/users\/5"}],"replies":[{"embeddable":true,"href":"https:\/\/www.ocorreionews.com.br\/acervo-correio\/index.php?rest_route=%2Fwp%2Fv2%2Fcomments&post=241182"}],"version-history":[{"count":1,"href":"https:\/\/www.ocorreionews.com.br\/acervo-correio\/index.php?rest_route=\/wp\/v2\/posts\/241182\/revisions"}],"predecessor-version":[{"id":241184,"href":"https:\/\/www.ocorreionews.com.br\/acervo-correio\/index.php?rest_route=\/wp\/v2\/posts\/241182\/revisions\/241184"}],"wp:featuredmedia":[{"embeddable":true,"href":"https:\/\/www.ocorreionews.com.br\/acervo-correio\/index.php?rest_route=\/wp\/v2\/media\/241183"}],"wp:attachment":[{"href":"https:\/\/www.ocorreionews.com.br\/acervo-correio\/index.php?rest_route=%2Fwp%2Fv2%2Fmedia&parent=241182"}],"wp:term":[{"taxonomy":"category","embeddable":true,"href":"https:\/\/www.ocorreionews.com.br\/acervo-correio\/index.php?rest_route=%2Fwp%2Fv2%2Fcategories&post=241182"},{"taxonomy":"post_tag","embeddable":true,"href":"https:\/\/www.ocorreionews.com.br\/acervo-correio\/index.php?rest_route=%2Fwp%2Fv2%2Ftags&post=241182"}],"curies":[{"name":"wp","href":"https:\/\/api.w.org\/{rel}","templated":true}]}}