{"id":241185,"date":"2023-05-29T14:04:05","date_gmt":"2023-05-29T18:04:05","guid":{"rendered":"https:\/\/www.ocorreionews.com.br\/acervo-correio\/?p=241185"},"modified":"2023-05-29T14:04:05","modified_gmt":"2023-05-29T18:04:05","slug":"secretaria-da-mulher-de-costa-rica-realiza-1o-encontro-estadual-de-capacitacao-do-promuse","status":"publish","type":"post","link":"https:\/\/www.ocorreionews.com.br\/acervo-correio\/?p=241185","title":{"rendered":"Secretaria da Mulher de Costa Rica realiza 1\u00ba Encontro Estadual de Capacita\u00e7\u00e3o do Promuse"},"content":{"rendered":"<div class=\"ntc_cont_descricao_noticia sw_txteditor\">\n<div>Costa Rica sedia nesta semana o 1\u00ba Encontro Estadual de Capacita\u00e7\u00e3o do Promuse<strong>\u00a0(<\/strong>Programa Mulher Segura). A abertura oficial do evento, que celebra um ano de implanta\u00e7\u00e3o da Secretaria Municipal de Pol\u00edticas P\u00fablicas das Mulheres, ocorreu na manh\u00e3 desta segunda-feira (29) no audit\u00f3rio Prof. Edna Maria Jacinto da Silva.<\/p>\n<p>O\u00a0Promuse \u00e9 um programa da\u00a0Pol\u00edcia Militar do estado de Mato Grosso do Sul, institu\u00eddo por meio da portaria PMMS n\u00ba 032\/2018, que faz monitoramento e prote\u00e7\u00e3o das mulheres em situa\u00e7\u00e3o de viol\u00eancia dom\u00e9stica e familiar. Policiais militares devidamente capacitados realizam policiamento orientado com objetivo de promover o enfrentamento \u00e0 viol\u00eancia dom\u00e9stica contra mulheres, por meio de a\u00e7\u00f5es de preven\u00e7\u00e3o, visitas t\u00e9cnicas, conversas com v\u00edtimas, familiares e at\u00e9 mesmo com os agressores, fazendo os encaminhamentos pertinentes aos \u00f3rg\u00e3os da rede municipal de atendimento \u00e0 mulher em situa\u00e7\u00e3o de viol\u00eancia.<\/p>\n<p>Para a secret\u00e1ria municipal de Pol\u00edticas P\u00fablicas para Mulheres e primeira-dama, M\u00e1rcia Alves, atrav\u00e9s da capacita\u00e7\u00e3o com o envolvimento direto de toda a rede de atendimento, Costa Rica passa a oferecer um acolhimento mais humano e eficaz \u00e0s mulheres v\u00edtimas de viol\u00eancia.<\/p>\n<p>\u201cO Promuse \u00e9 um grande presente para celebrar um ano de cria\u00e7\u00e3o da Secretaria Municipal de Pol\u00edticas P\u00fablicas das Mulheres. Depois de muitas reuni\u00f5es, conversas ao telefone, idas e vindas, hoje estamos concretizando um projeto que se iniciou em 2022 com o desejo m\u00fatuo de oferecermos \u00e0 sociedade de Costa Rica mais um mecanismo de seguran\u00e7a para as mulheres. Isso demonstra tamb\u00e9m a import\u00e2ncia desta Secretaria em nosso munic\u00edpio, por sua autonomia na articula\u00e7\u00e3o de parcerias e desenvolvimento de Pol\u00edticas P\u00fablicas para mulheres\u201d, apontou a gestora.<\/p>\n<p>Ainda conforme a secret\u00e1ria, outras parcerias est\u00e3o sendo elaboradas como, por exemplo, o projeto \u201cDialogando Igualdades\u201d do Tribunal de Justi\u00e7a, que tem por objetivo oportunizar aos homens, autores de viol\u00eancia dom\u00e9stica e familiar, a reflex\u00e3o e a mudan\u00e7a de atitude com as mulheres, rompendo o ciclo de viol\u00eancia.<\/p>\n<p><img decoding=\"async\" src=\"https:\/\/www.costarica.ms.gov.br\/fotos\/d4fbd31300a10a62c663b44db99120cd.jpg\" alt=\"Foto Noticia Principal Grande\" \/><br \/>\nSegundo o diretor da Pol\u00edcia Comunit\u00e1ria e Direitos Humanos da PMMS, o Promuse atua em tr\u00eas eixos: esclarecimentos sobre direitos previstos na Lei Maria da Penha, encaminhamento para servi\u00e7os especializados e fiscaliza\u00e7\u00e3o das medidas protetivas para aquelas mulheres que j\u00e1 registraram ocorr\u00eancia.<\/p>\n<p>\u201cO programa, desenvolvido pela Pol\u00edcia Militar, visa fortalecer a rede de enfrentamento j\u00e1 existente com Costa Rica, para refor\u00e7ar o combate ao feminic\u00eddio e a viol\u00eancia dom\u00e9stica. Estamos aqui com a equipe do Promuse para oferecer capacita\u00e7\u00e3o durante a semana e na sexta-feira faremos uma opera\u00e7\u00e3o, intensificando as fiscaliza\u00e7\u00f5es e visitas t\u00e9cnicas previstas pelas medidas protetivas de urg\u00eancia\u201d, informou o coronel.<\/p>\n<p>A coordenadora estadual do Promuse em Mato Grosso do Sul, capit\u00e3 Bruna Carla Sanches Rodrigues, explicou a import\u00e2ncia do programa espec\u00edfico para o atendimento diferenciado \u00e0s mulheres em situa\u00e7\u00e3o de viol\u00eancia. \u201c\u00c9 um assunto delicado, pois trata do nosso maior bem, que \u00e9 a vida e a integridade da mulher, da\u00ed a import\u00e2ncia de nos reunirmos. Que possamos sair daqui diferentes do entramos\u201d, justifica a coordenadora.<\/p><\/div>\n<div><img decoding=\"async\" src=\"https:\/\/www.costarica.ms.gov.br\/fotos\/7a379426a9a300be091ccac2c85b4d34.jpg\" alt=\"Foto Noticia Principal Grande\" \/><\/p>\n<p>Na oportunidade o prefeito de Costa Rica, delegado Cleverson Alves dos Santos ministrou uma palestra com o tema: \u201cPerspectiva hist\u00f3rica da Lei Maria da Penha no Brasil e direitos humanos das mulheres\u201d.<\/p><\/div>\n<div><img decoding=\"async\" src=\"https:\/\/www.costarica.ms.gov.br\/fotos\/b77da4ef98640f7aa8f54df57fb51361.jpg\" alt=\"Foto Noticia Principal Grande\" \/><\/p>\n<p>O evento tamb\u00e9m contou com uma apresenta\u00e7\u00e3o cultural dos integrantes do Projeto Florestinha, bem como a presen\u00e7a do juiz de direito do F\u00f3rum da Comarca de Costa Rica, Francisco Solimam; do comandante do CPA-2 da PMMS, coronel Gil Alexandre da Rocha; do comandante da 4\u00aaCIPM,\u00a0major Adrian Giovanny Leguizamon da Costa; do comandante do 2\u00ba Pelot\u00e3o da Pol\u00edcia Militar de Costa Rica, 2\u00ba tenente Cl\u00e1udio Mendes da Rocha Filho; do titular da Delegacia de Pol\u00edcia Civil, delegado Jhonny Monteiro; do comandante do Corpo de Bombeiros de Costa Rica, capit\u00e3o Samuel Pedroso; da secret\u00e1ria municipal de Assist\u00eancia Social, Evair Gomes; do Secret\u00e1rio Municipal de Sa\u00fade, Jovenaldo Francisco dos Santos; \u00a0entre outras autoridades.<br \/>\n<img decoding=\"async\" src=\"https:\/\/www.costarica.ms.gov.br\/fotos\/d5a2309be6c0edecb305e31d4f2978b8.jpg\" alt=\"Foto Noticia Principal Grande\" \/><\/p>\n<\/div>\n<\/div>\n<div class=\"ntc_area_info_noticia sw_lato\">\n<div>\n<div class=\"ntc_info_noticia\"><strong class=\"sw_lato_black\">Fonte: <\/strong>Assessoria de Comunica\u00e7\u00e3o,Angela Bezerra<\/div>\n<\/div>\n<\/div>\n","protected":false},"excerpt":{"rendered":"<p>Costa Rica sedia nesta semana o 1\u00ba Encontro Estadual de Capacita\u00e7\u00e3o do Promuse\u00a0(Programa Mulher Segura). A abertura oficial do evento, que celebra um ano de implanta\u00e7\u00e3o da Secretaria Municipal de Pol\u00edticas P\u00fablicas das Mulheres, ocorreu na manh\u00e3 desta segunda-feira (29) no audit\u00f3rio Prof. Edna Maria Jacinto da Silva. O\u00a0Promuse \u00e9 um programa da\u00a0Pol\u00edcia Militar do [&hellip;]<\/p>\n","protected":false},"author":5,"featured_media":241186,"comment_status":"closed","ping_status":"closed","sticky":false,"template":"","format":"standard","meta":{"footnotes":""},"categories":[25],"tags":[],"class_list":["post-241185","post","type-post","status-publish","format-standard","has-post-thumbnail","hentry","category-costa-rica"],"_links":{"self":[{"href":"https:\/\/www.ocorreionews.com.br\/acervo-correio\/index.php?rest_route=\/wp\/v2\/posts\/241185","targetHints":{"allow":["GET"]}}],"collection":[{"href":"https:\/\/www.ocorreionews.com.br\/acervo-correio\/index.php?rest_route=\/wp\/v2\/posts"}],"about":[{"href":"https:\/\/www.ocorreionews.com.br\/acervo-correio\/index.php?rest_route=\/wp\/v2\/types\/post"}],"author":[{"embeddable":true,"href":"https:\/\/www.ocorreionews.com.br\/acervo-correio\/index.php?rest_route=\/wp\/v2\/users\/5"}],"replies":[{"embeddable":true,"href":"https:\/\/www.ocorreionews.com.br\/acervo-correio\/index.php?rest_route=%2Fwp%2Fv2%2Fcomments&post=241185"}],"version-history":[{"count":1,"href":"https:\/\/www.ocorreionews.com.br\/acervo-correio\/index.php?rest_route=\/wp\/v2\/posts\/241185\/revisions"}],"predecessor-version":[{"id":241187,"href":"https:\/\/www.ocorreionews.com.br\/acervo-correio\/index.php?rest_route=\/wp\/v2\/posts\/241185\/revisions\/241187"}],"wp:featuredmedia":[{"embeddable":true,"href":"https:\/\/www.ocorreionews.com.br\/acervo-correio\/index.php?rest_route=\/wp\/v2\/media\/241186"}],"wp:attachment":[{"href":"https:\/\/www.ocorreionews.com.br\/acervo-correio\/index.php?rest_route=%2Fwp%2Fv2%2Fmedia&parent=241185"}],"wp:term":[{"taxonomy":"category","embeddable":true,"href":"https:\/\/www.ocorreionews.com.br\/acervo-correio\/index.php?rest_route=%2Fwp%2Fv2%2Fcategories&post=241185"},{"taxonomy":"post_tag","embeddable":true,"href":"https:\/\/www.ocorreionews.com.br\/acervo-correio\/index.php?rest_route=%2Fwp%2Fv2%2Ftags&post=241185"}],"curies":[{"name":"wp","href":"https:\/\/api.w.org\/{rel}","templated":true}]}}