{"id":241223,"date":"2023-05-29T16:15:06","date_gmt":"2023-05-29T20:15:06","guid":{"rendered":"https:\/\/www.ocorreionews.com.br\/acervo-correio\/?p=241223"},"modified":"2023-05-30T08:48:55","modified_gmt":"2023-05-30T12:48:55","slug":"prefeito-joao-carlos-krug-reassume-municipio-dia-02-e-vai-reconduzir-secretarias-aos-seus-cargos","status":"publish","type":"post","link":"https:\/\/www.ocorreionews.com.br\/acervo-correio\/?p=241223","title":{"rendered":"Prefeito de Chapad\u00e3o do Sul Jo\u00e3o Carlos Krug reassume munic\u00edpio na pr\u00f3xima sexta"},"content":{"rendered":"<p>O prefeito municipal de Chapad\u00e3o do Sul, Jo\u00e3o Carlos Krug, fez um anuncio nesta segunda-feira 29, do seu retorno ao cargo na pr\u00f3xima sexta-feira (02), ap\u00f3s vencer o tempo que havia pedido de afastamento.<\/p>\n<p>Na oportunidade afirmou tamb\u00e9m que as ex-secret\u00e1rias Agnes M. Cher M\u00fcler, de Governo e Val\u00e9ria Lopes dos Santos, da Sa\u00fade, que foram exoneradas pelo prefeito interino Jo\u00e3o Buzolli, v\u00e3o ser convidadas para retornarem aos cargos.<\/p>\n<p>J\u00e1 em rela\u00e7\u00e3o aos projetos e algumas ca\u00e7\u00f5es feita nestes 30 dias que seu vice esteve no cargo, Jo\u00e3o Carlos afirmou que ir\u00e1 fazer um estudo e avaliara a continua\u00e7\u00e3o.<\/p>\n<p>Jo\u00e3o Carlos Krug passou por uma cirurgia muito s\u00e9ria na coluna cervical, em Campo Grande, no inicio do m\u00eas e por isso precisou do afastamento, pois ele precisaria bastante\u00a0 repousa e por varias sess\u00f5es de fisioterapia.<\/p>\n","protected":false},"excerpt":{"rendered":"<p>O prefeito municipal de Chapad\u00e3o do Sul, Jo\u00e3o Carlos Krug, fez um anuncio nesta segunda-feira 29, do seu retorno ao cargo na pr\u00f3xima sexta-feira (02), ap\u00f3s vencer o tempo que havia pedido de afastamento. Na oportunidade afirmou tamb\u00e9m que as ex-secret\u00e1rias Agnes M. Cher M\u00fcler, de Governo e Val\u00e9ria Lopes dos Santos, da Sa\u00fade, que [&hellip;]<\/p>\n","protected":false},"author":4,"featured_media":241225,"comment_status":"closed","ping_status":"closed","sticky":false,"template":"","format":"standard","meta":{"footnotes":""},"categories":[23,41],"tags":[],"class_list":["post-241223","post","type-post","status-publish","format-standard","has-post-thumbnail","hentry","category-chapadao-do-sul","category-destaque"],"_links":{"self":[{"href":"https:\/\/www.ocorreionews.com.br\/acervo-correio\/index.php?rest_route=\/wp\/v2\/posts\/241223","targetHints":{"allow":["GET"]}}],"collection":[{"href":"https:\/\/www.ocorreionews.com.br\/acervo-correio\/index.php?rest_route=\/wp\/v2\/posts"}],"about":[{"href":"https:\/\/www.ocorreionews.com.br\/acervo-correio\/index.php?rest_route=\/wp\/v2\/types\/post"}],"author":[{"embeddable":true,"href":"https:\/\/www.ocorreionews.com.br\/acervo-correio\/index.php?rest_route=\/wp\/v2\/users\/4"}],"replies":[{"embeddable":true,"href":"https:\/\/www.ocorreionews.com.br\/acervo-correio\/index.php?rest_route=%2Fwp%2Fv2%2Fcomments&post=241223"}],"version-history":[{"count":1,"href":"https:\/\/www.ocorreionews.com.br\/acervo-correio\/index.php?rest_route=\/wp\/v2\/posts\/241223\/revisions"}],"predecessor-version":[{"id":241260,"href":"https:\/\/www.ocorreionews.com.br\/acervo-correio\/index.php?rest_route=\/wp\/v2\/posts\/241223\/revisions\/241260"}],"wp:featuredmedia":[{"embeddable":true,"href":"https:\/\/www.ocorreionews.com.br\/acervo-correio\/index.php?rest_route=\/wp\/v2\/media\/241225"}],"wp:attachment":[{"href":"https:\/\/www.ocorreionews.com.br\/acervo-correio\/index.php?rest_route=%2Fwp%2Fv2%2Fmedia&parent=241223"}],"wp:term":[{"taxonomy":"category","embeddable":true,"href":"https:\/\/www.ocorreionews.com.br\/acervo-correio\/index.php?rest_route=%2Fwp%2Fv2%2Fcategories&post=241223"},{"taxonomy":"post_tag","embeddable":true,"href":"https:\/\/www.ocorreionews.com.br\/acervo-correio\/index.php?rest_route=%2Fwp%2Fv2%2Ftags&post=241223"}],"curies":[{"name":"wp","href":"https:\/\/api.w.org\/{rel}","templated":true}]}}