{"id":241228,"date":"2023-05-29T16:49:01","date_gmt":"2023-05-29T20:49:01","guid":{"rendered":"https:\/\/www.ocorreionews.com.br\/acervo-correio\/?p=241228"},"modified":"2023-05-29T16:49:01","modified_gmt":"2023-05-29T20:49:01","slug":"adolescente-foge-de-casa-para-morar-com-homem-de-31-anos-em-cassilandia","status":"publish","type":"post","link":"https:\/\/www.ocorreionews.com.br\/acervo-correio\/?p=241228","title":{"rendered":"Adolescente \u201cfoge\u201d de casa para morar com homem de 31 anos em Cassil\u00e2ndia"},"content":{"rendered":"<p>Uma adolescente de 14 anos fugiu de casa para morar com um homem de 31 anos com quem ela falava que amava, na cidade de Cassil\u00e2ndia.<\/p>\n<p>Segundo informa\u00e7\u00f5es do Boletim de Ocorr\u00eancia, a pol\u00edcia militar da cidade foi acionada via 190 no \u00faltimo s\u00e1bado (27), onde familiares relatavam aos policias que uma menor de 14 anos havia sa\u00eddo de casa que fica na Vila Pernambuco desde o dia anterior, e n\u00e3o retornou e nem atendia as liga\u00e7\u00f5es de seus familiares e suspeitavam que ela estaria na casa do homem de 31 anos.<\/p>\n<p>O Conselho Tutelar foi acionado e juntamente com os militares foram at\u00e9 a resid\u00eancia o homem e tiveram \u00eaxito em encontrar a adolescente. Que relatou ap\u00f3s policias que ela teria ido por conta pr\u00f3pria porque amava o homem.<\/p>\n<p>A menor foi entrega aos familiares e o autor foi detido e encaminhado \u00e0 Delegacia de Pol\u00edcia a princ\u00edpio por abrigar menor em sua resid\u00eancia, mas poder\u00e1 responder por outros crimes caso seja comprovado como por exemplo ter praticado conjun\u00e7\u00e3o carnal ou \u00a0pratique qualquer ato libidinoso com pessoa menor de idade. Pois mesmo com consentimento, sexo com menor de 14 anos \u00e9 considerado estupro.<\/p>\n","protected":false},"excerpt":{"rendered":"<p>Uma adolescente de 14 anos fugiu de casa para morar com um homem de 31 anos com quem ela falava que amava, na cidade de Cassil\u00e2ndia. Segundo informa\u00e7\u00f5es do Boletim de Ocorr\u00eancia, a pol\u00edcia militar da cidade foi acionada via 190 no \u00faltimo s\u00e1bado (27), onde familiares relatavam aos policias que uma menor de 14 [&hellip;]<\/p>\n","protected":false},"author":5,"featured_media":208492,"comment_status":"closed","ping_status":"closed","sticky":false,"template":"","format":"standard","meta":{"footnotes":""},"categories":[21,38],"tags":[],"class_list":["post-241228","post","type-post","status-publish","format-standard","has-post-thumbnail","hentry","category-cassilandia","category-policia"],"_links":{"self":[{"href":"https:\/\/www.ocorreionews.com.br\/acervo-correio\/index.php?rest_route=\/wp\/v2\/posts\/241228","targetHints":{"allow":["GET"]}}],"collection":[{"href":"https:\/\/www.ocorreionews.com.br\/acervo-correio\/index.php?rest_route=\/wp\/v2\/posts"}],"about":[{"href":"https:\/\/www.ocorreionews.com.br\/acervo-correio\/index.php?rest_route=\/wp\/v2\/types\/post"}],"author":[{"embeddable":true,"href":"https:\/\/www.ocorreionews.com.br\/acervo-correio\/index.php?rest_route=\/wp\/v2\/users\/5"}],"replies":[{"embeddable":true,"href":"https:\/\/www.ocorreionews.com.br\/acervo-correio\/index.php?rest_route=%2Fwp%2Fv2%2Fcomments&post=241228"}],"version-history":[{"count":1,"href":"https:\/\/www.ocorreionews.com.br\/acervo-correio\/index.php?rest_route=\/wp\/v2\/posts\/241228\/revisions"}],"predecessor-version":[{"id":241229,"href":"https:\/\/www.ocorreionews.com.br\/acervo-correio\/index.php?rest_route=\/wp\/v2\/posts\/241228\/revisions\/241229"}],"wp:featuredmedia":[{"embeddable":true,"href":"https:\/\/www.ocorreionews.com.br\/acervo-correio\/index.php?rest_route=\/wp\/v2\/media\/208492"}],"wp:attachment":[{"href":"https:\/\/www.ocorreionews.com.br\/acervo-correio\/index.php?rest_route=%2Fwp%2Fv2%2Fmedia&parent=241228"}],"wp:term":[{"taxonomy":"category","embeddable":true,"href":"https:\/\/www.ocorreionews.com.br\/acervo-correio\/index.php?rest_route=%2Fwp%2Fv2%2Fcategories&post=241228"},{"taxonomy":"post_tag","embeddable":true,"href":"https:\/\/www.ocorreionews.com.br\/acervo-correio\/index.php?rest_route=%2Fwp%2Fv2%2Ftags&post=241228"}],"curies":[{"name":"wp","href":"https:\/\/api.w.org\/{rel}","templated":true}]}}