{"id":241234,"date":"2023-05-30T07:17:51","date_gmt":"2023-05-30T11:17:51","guid":{"rendered":"https:\/\/www.ocorreionews.com.br\/acervo-correio\/?p=241234"},"modified":"2023-05-30T07:17:51","modified_gmt":"2023-05-30T11:17:51","slug":"escola-municipal-manoel-de-barros-participa-do-projeto-camara-vai-a-escola","status":"publish","type":"post","link":"https:\/\/www.ocorreionews.com.br\/acervo-correio\/?p=241234","title":{"rendered":"Escola Municipal Manoel de Barros participa do Projeto \u201cC\u00e2mara Vai \u00e0 Escola"},"content":{"rendered":"<p dir=\"ltr\">Nesta segunda-feira (29), a C\u00e2mara Municipal de Chapad\u00e3o do Sul realizou a 1416\u00aa Sess\u00e3o Ordin\u00e1ria que contou com a presen\u00e7a dos alunos da Escola Municipal Manoel de Barros, que participam do Projeto \u201cC\u00e2mara Vai \u00e0 Escola&#8221;.<\/p>\n<p>O aluno Alan Domingos de Oliveira representou a institui\u00e7\u00e3o e discursou no Plen\u00e1rio da C\u00e2mara. O jovem agradeceu pela constru\u00e7\u00e3o da nova edifica\u00e7\u00e3o, onde a escola ir\u00e1 funcionar, no bairro Esplanada V, motivo de satisfa\u00e7\u00e3o para os alunos e toda a comunidade escolar.<\/p>\n<p>Uma das solicita\u00e7\u00f5es feitas, foi a implanta\u00e7\u00e3o de um posto de sa\u00fade com atendimento 24h, no bairro Esplanada, para que os moradores da regi\u00e3o tenham acesso ao atendimento m\u00e9dico no bairro onde moram, sem que precisem buscar por esse atendimento em outras regi\u00f5es da cidade.<\/p>\n<p>O estudante tamb\u00e9m pediu aten\u00e7\u00e3o dos vereadores para a melhoria e manuten\u00e7\u00e3o dos espa\u00e7os p\u00fablicos, como pra\u00e7as e parques, do bairro Esplanada e regi\u00e3o, para que possam ser melhor aproveitados por toda a comunidade.<\/p>\n<p>O Presidente da C\u00e2mara de Vereadores, Airton Ant\u00f4nio Schwantes (Tucano) , agradeceu a participa\u00e7\u00e3o do aluno Alan e da Escola Municipal Manoel de Barros, no espa\u00e7o aberto para o Projeto \u201cC\u00e2mara Vai \u00e0 Escola&#8221;. O vereador participou de uma visita \u00e0 constru\u00e7\u00e3o da nova sede da escola, que j\u00e1 est\u00e1 em fase de acabamento, com a coloca\u00e7\u00e3o de grades. \u201cPodem ter certeza de que ter\u00e3o um col\u00e9gio bom. Em breve voc\u00eas estar\u00e3o usufruindo da estrutura, disse.<\/p>\n<p>Confira as indica\u00e7\u00f5es e requerimentos do dia clicando no <a href=\"https:\/\/www.camarachapadaodosul.ms.gov.br\/noticiasView\/?id=4010\">link:\u00a0https:\/\/www.camarachapadaodosul.ms.gov.br\/site\/<\/a><\/p>\n<p><img decoding=\"async\" class=\"img-fluid\" title=\"Escola Municipal Manoel de Barros participa do Projeto \u201cC\u00e2mara Vai \u00e0 Escola\" src=\"https:\/\/www.camarachapadaodosul.ms.gov.br\/uploads\/noticia\/thumbs\/thumb_800x600_sessao-6.jpg\" alt=\"Escola Municipal Manoel de Barros participa do Projeto \u201cC\u00e2mara Vai \u00e0 Escola\" data-holder-rendered=\"true\" \/><\/p>\n<p>&nbsp;<\/p>\n<p><strong><img decoding=\"async\" src=\"https:\/\/www.camarachapadaodosul.ms.gov.br\/\/uploads\/wysiwyg\/\/579583d8.jpg\" alt=\"\" \/><\/strong><\/p>\n<p><strong><img decoding=\"async\" src=\"https:\/\/www.camarachapadaodosul.ms.gov.br\/\/uploads\/wysiwyg\/\/588eec2a.jpg\" alt=\"\" \/><\/strong><\/p>\n<p>&nbsp;<\/p>\n<p>*Assecom C\u00e2mara Municipal<\/p>\n","protected":false},"excerpt":{"rendered":"<p>Nesta segunda-feira (29), a C\u00e2mara Municipal de Chapad\u00e3o do Sul realizou a 1416\u00aa Sess\u00e3o Ordin\u00e1ria que contou com a presen\u00e7a dos alunos da Escola Municipal Manoel de Barros, que participam do Projeto \u201cC\u00e2mara Vai \u00e0 Escola&#8221;. O aluno Alan Domingos de Oliveira representou a institui\u00e7\u00e3o e discursou no Plen\u00e1rio da C\u00e2mara. O jovem agradeceu pela [&hellip;]<\/p>\n","protected":false},"author":5,"featured_media":241238,"comment_status":"closed","ping_status":"closed","sticky":false,"template":"","format":"standard","meta":{"footnotes":""},"categories":[23,41],"tags":[],"class_list":["post-241234","post","type-post","status-publish","format-standard","has-post-thumbnail","hentry","category-chapadao-do-sul","category-destaque"],"_links":{"self":[{"href":"https:\/\/www.ocorreionews.com.br\/acervo-correio\/index.php?rest_route=\/wp\/v2\/posts\/241234","targetHints":{"allow":["GET"]}}],"collection":[{"href":"https:\/\/www.ocorreionews.com.br\/acervo-correio\/index.php?rest_route=\/wp\/v2\/posts"}],"about":[{"href":"https:\/\/www.ocorreionews.com.br\/acervo-correio\/index.php?rest_route=\/wp\/v2\/types\/post"}],"author":[{"embeddable":true,"href":"https:\/\/www.ocorreionews.com.br\/acervo-correio\/index.php?rest_route=\/wp\/v2\/users\/5"}],"replies":[{"embeddable":true,"href":"https:\/\/www.ocorreionews.com.br\/acervo-correio\/index.php?rest_route=%2Fwp%2Fv2%2Fcomments&post=241234"}],"version-history":[{"count":1,"href":"https:\/\/www.ocorreionews.com.br\/acervo-correio\/index.php?rest_route=\/wp\/v2\/posts\/241234\/revisions"}],"predecessor-version":[{"id":241239,"href":"https:\/\/www.ocorreionews.com.br\/acervo-correio\/index.php?rest_route=\/wp\/v2\/posts\/241234\/revisions\/241239"}],"wp:featuredmedia":[{"embeddable":true,"href":"https:\/\/www.ocorreionews.com.br\/acervo-correio\/index.php?rest_route=\/wp\/v2\/media\/241238"}],"wp:attachment":[{"href":"https:\/\/www.ocorreionews.com.br\/acervo-correio\/index.php?rest_route=%2Fwp%2Fv2%2Fmedia&parent=241234"}],"wp:term":[{"taxonomy":"category","embeddable":true,"href":"https:\/\/www.ocorreionews.com.br\/acervo-correio\/index.php?rest_route=%2Fwp%2Fv2%2Fcategories&post=241234"},{"taxonomy":"post_tag","embeddable":true,"href":"https:\/\/www.ocorreionews.com.br\/acervo-correio\/index.php?rest_route=%2Fwp%2Fv2%2Ftags&post=241234"}],"curies":[{"name":"wp","href":"https:\/\/api.w.org\/{rel}","templated":true}]}}