{"id":241312,"date":"2023-05-31T07:32:02","date_gmt":"2023-05-31T11:32:02","guid":{"rendered":"https:\/\/www.ocorreionews.com.br\/acervo-correio\/?p=241312"},"modified":"2023-05-31T07:32:02","modified_gmt":"2023-05-31T11:32:02","slug":"motociclista-fica-ferido-apos-ser-atingido-por-carro-em-chapadao-do-sul","status":"publish","type":"post","link":"https:\/\/www.ocorreionews.com.br\/acervo-correio\/?p=241312","title":{"rendered":"Motociclista fica ferido ap\u00f3s ser atingido por carro em Chapad\u00e3o do Sul"},"content":{"rendered":"<p>No in\u00edcio da noite desta ter\u00e7a-feira (30), o motociclista E.S.C de 42 anos, ficou ferido ap\u00f3s uma colis\u00e3o com um ve\u00edculo no Bairro Esplanada II, em Chapad\u00e3o do Sul.<\/p>\n<p>Segundo informa\u00e7\u00f5es repassadas para nossa reportagem, o condutor do carro um VW Gol seguia pela Rua Tuiui\u00fa no cruzamento com a Rua Seriema n\u00e3o viu que a moto vinha e acabou colidindo com ela. Chovia na hora do acidente.<\/p>\n<p>O Corpo de Bombeiros de Chapad\u00e3o do Sul foi acionado, e no local encontrou o motociclista ca\u00eddo ao solo, consciente e orientado, com v\u00e1rias escoria\u00e7\u00f5es pelo corpo, ele foi encaminhado para Hospital Municipal para melhor ser avaliado. J\u00e1 o motorista do Gol, nada sofreu e permaneceu no local.<\/p>\n<p>A pol\u00edcia militar esteve no local para confeccionar o Boletim de Ocorr\u00eancia e tomar as medidas cab\u00edveis.<\/p>\n<p><a href=\"https:\/\/www.ocorreionews.com.br\/acervo-correio\/wp-content\/uploads\/2023\/05\/acidente-tuiu-com-siriema.jpg\"><img loading=\"lazy\" decoding=\"async\" class=\"alignnone  wp-image-241314\" src=\"https:\/\/www.ocorreionews.com.br\/acervo-correio\/wp-content\/uploads\/2023\/05\/acidente-tuiu-com-siriema.jpg\" alt=\"\" width=\"593\" height=\"446\" srcset=\"https:\/\/www.ocorreionews.com.br\/acervo-correio\/wp-content\/uploads\/2023\/05\/acidente-tuiu-com-siriema.jpg 1600w, https:\/\/www.ocorreionews.com.br\/acervo-correio\/wp-content\/uploads\/2023\/05\/acidente-tuiu-com-siriema-300x226.jpg 300w, https:\/\/www.ocorreionews.com.br\/acervo-correio\/wp-content\/uploads\/2023\/05\/acidente-tuiu-com-siriema-1024x771.jpg 1024w, https:\/\/www.ocorreionews.com.br\/acervo-correio\/wp-content\/uploads\/2023\/05\/acidente-tuiu-com-siriema-768x578.jpg 768w, https:\/\/www.ocorreionews.com.br\/acervo-correio\/wp-content\/uploads\/2023\/05\/acidente-tuiu-com-siriema-1536x1156.jpg 1536w, https:\/\/www.ocorreionews.com.br\/acervo-correio\/wp-content\/uploads\/2023\/05\/acidente-tuiu-com-siriema-86x64.jpg 86w\" sizes=\"auto, (max-width: 593px) 100vw, 593px\" \/><\/a><\/p>\n<p>&nbsp;<\/p>\n","protected":false},"excerpt":{"rendered":"<p>No in\u00edcio da noite desta ter\u00e7a-feira (30), o motociclista E.S.C de 42 anos, ficou ferido ap\u00f3s uma colis\u00e3o com um ve\u00edculo no Bairro Esplanada II, em Chapad\u00e3o do Sul. Segundo informa\u00e7\u00f5es repassadas para nossa reportagem, o condutor do carro um VW Gol seguia pela Rua Tuiui\u00fa no cruzamento com a Rua Seriema n\u00e3o viu que [&hellip;]<\/p>\n","protected":false},"author":5,"featured_media":241315,"comment_status":"closed","ping_status":"closed","sticky":false,"template":"","format":"standard","meta":{"footnotes":""},"categories":[23,41,38],"tags":[],"class_list":["post-241312","post","type-post","status-publish","format-standard","has-post-thumbnail","hentry","category-chapadao-do-sul","category-destaque","category-policia"],"_links":{"self":[{"href":"https:\/\/www.ocorreionews.com.br\/acervo-correio\/index.php?rest_route=\/wp\/v2\/posts\/241312","targetHints":{"allow":["GET"]}}],"collection":[{"href":"https:\/\/www.ocorreionews.com.br\/acervo-correio\/index.php?rest_route=\/wp\/v2\/posts"}],"about":[{"href":"https:\/\/www.ocorreionews.com.br\/acervo-correio\/index.php?rest_route=\/wp\/v2\/types\/post"}],"author":[{"embeddable":true,"href":"https:\/\/www.ocorreionews.com.br\/acervo-correio\/index.php?rest_route=\/wp\/v2\/users\/5"}],"replies":[{"embeddable":true,"href":"https:\/\/www.ocorreionews.com.br\/acervo-correio\/index.php?rest_route=%2Fwp%2Fv2%2Fcomments&post=241312"}],"version-history":[{"count":1,"href":"https:\/\/www.ocorreionews.com.br\/acervo-correio\/index.php?rest_route=\/wp\/v2\/posts\/241312\/revisions"}],"predecessor-version":[{"id":241318,"href":"https:\/\/www.ocorreionews.com.br\/acervo-correio\/index.php?rest_route=\/wp\/v2\/posts\/241312\/revisions\/241318"}],"wp:featuredmedia":[{"embeddable":true,"href":"https:\/\/www.ocorreionews.com.br\/acervo-correio\/index.php?rest_route=\/wp\/v2\/media\/241315"}],"wp:attachment":[{"href":"https:\/\/www.ocorreionews.com.br\/acervo-correio\/index.php?rest_route=%2Fwp%2Fv2%2Fmedia&parent=241312"}],"wp:term":[{"taxonomy":"category","embeddable":true,"href":"https:\/\/www.ocorreionews.com.br\/acervo-correio\/index.php?rest_route=%2Fwp%2Fv2%2Fcategories&post=241312"},{"taxonomy":"post_tag","embeddable":true,"href":"https:\/\/www.ocorreionews.com.br\/acervo-correio\/index.php?rest_route=%2Fwp%2Fv2%2Ftags&post=241312"}],"curies":[{"name":"wp","href":"https:\/\/api.w.org\/{rel}","templated":true}]}}