{"id":241313,"date":"2023-05-31T07:29:51","date_gmt":"2023-05-31T11:29:51","guid":{"rendered":"https:\/\/www.ocorreionews.com.br\/acervo-correio\/?p=241313"},"modified":"2023-05-31T07:29:51","modified_gmt":"2023-05-31T11:29:51","slug":"comunicado-centro-de-especialidades-entrara-em-reforma","status":"publish","type":"post","link":"https:\/\/www.ocorreionews.com.br\/acervo-correio\/?p=241313","title":{"rendered":"Comunicado: Centro de Especialidades entrar\u00e1 em reforma"},"content":{"rendered":"<p style=\"font-weight: 400;\">A prefeitura de Chapad\u00e3o do Sul atrav\u00e9s da Secretaria de Sa\u00fade informa a toda popula\u00e7\u00e3o, que o Centro de Especialidade, localizado na Rua Sete, n\u00ba 443, centro estar\u00e1 fechado nos dias 01, 02 e 05 de junho para reforma.<\/p>\n<p style=\"font-weight: 400;\">O Executivo informa que est\u00e1 trabalhando para o melhor e agradece a compreens\u00e3o de todos.<\/p>\n<p>&nbsp;<\/p>\n<p>&nbsp;<\/p>\n<p>*Assessoria<\/p>\n","protected":false},"excerpt":{"rendered":"<p>A prefeitura de Chapad\u00e3o do Sul atrav\u00e9s da Secretaria de Sa\u00fade informa a toda popula\u00e7\u00e3o, que o Centro de Especialidade, localizado na Rua Sete, n\u00ba 443, centro estar\u00e1 fechado nos dias 01, 02 e 05 de junho para reforma. O Executivo informa que est\u00e1 trabalhando para o melhor e agradece a compreens\u00e3o de todos. &nbsp; [&hellip;]<\/p>\n","protected":false},"author":5,"featured_media":174724,"comment_status":"closed","ping_status":"closed","sticky":false,"template":"","format":"standard","meta":{"footnotes":""},"categories":[23,41],"tags":[],"class_list":["post-241313","post","type-post","status-publish","format-standard","has-post-thumbnail","hentry","category-chapadao-do-sul","category-destaque"],"_links":{"self":[{"href":"https:\/\/www.ocorreionews.com.br\/acervo-correio\/index.php?rest_route=\/wp\/v2\/posts\/241313","targetHints":{"allow":["GET"]}}],"collection":[{"href":"https:\/\/www.ocorreionews.com.br\/acervo-correio\/index.php?rest_route=\/wp\/v2\/posts"}],"about":[{"href":"https:\/\/www.ocorreionews.com.br\/acervo-correio\/index.php?rest_route=\/wp\/v2\/types\/post"}],"author":[{"embeddable":true,"href":"https:\/\/www.ocorreionews.com.br\/acervo-correio\/index.php?rest_route=\/wp\/v2\/users\/5"}],"replies":[{"embeddable":true,"href":"https:\/\/www.ocorreionews.com.br\/acervo-correio\/index.php?rest_route=%2Fwp%2Fv2%2Fcomments&post=241313"}],"version-history":[{"count":1,"href":"https:\/\/www.ocorreionews.com.br\/acervo-correio\/index.php?rest_route=\/wp\/v2\/posts\/241313\/revisions"}],"predecessor-version":[{"id":241316,"href":"https:\/\/www.ocorreionews.com.br\/acervo-correio\/index.php?rest_route=\/wp\/v2\/posts\/241313\/revisions\/241316"}],"wp:featuredmedia":[{"embeddable":true,"href":"https:\/\/www.ocorreionews.com.br\/acervo-correio\/index.php?rest_route=\/wp\/v2\/media\/174724"}],"wp:attachment":[{"href":"https:\/\/www.ocorreionews.com.br\/acervo-correio\/index.php?rest_route=%2Fwp%2Fv2%2Fmedia&parent=241313"}],"wp:term":[{"taxonomy":"category","embeddable":true,"href":"https:\/\/www.ocorreionews.com.br\/acervo-correio\/index.php?rest_route=%2Fwp%2Fv2%2Fcategories&post=241313"},{"taxonomy":"post_tag","embeddable":true,"href":"https:\/\/www.ocorreionews.com.br\/acervo-correio\/index.php?rest_route=%2Fwp%2Fv2%2Ftags&post=241313"}],"curies":[{"name":"wp","href":"https:\/\/api.w.org\/{rel}","templated":true}]}}