{"id":241319,"date":"2023-05-31T10:17:42","date_gmt":"2023-05-31T14:17:42","guid":{"rendered":"https:\/\/www.ocorreionews.com.br\/acervo-correio\/?p=241319"},"modified":"2023-05-31T10:17:42","modified_gmt":"2023-05-31T14:17:42","slug":"inaugurada-na-camara-municipal-galeria-que-homenageia-vereadores-e-ex-vereadores-de-costa-rica","status":"publish","type":"post","link":"https:\/\/www.ocorreionews.com.br\/acervo-correio\/?p=241319","title":{"rendered":"Inaugurada na C\u00e2mara Municipal galeria que homenageia vereadores e ex-vereadores de Costa Rica"},"content":{"rendered":"<div class=\"ntc_cont_descricao_noticia sw_txteditor\">Na noite do dia 29 de maio de 2023, a sede do Poder Legislativo de Costa Rica, no plen\u00e1rio de delibera\u00e7\u00f5es Simino Jorge de Oliveira, foi palco de uma sess\u00e3o solene em homenagem aos vereadores que, ao longo dos anos, dedicaram seu tempo, energia e paix\u00e3o para servir \u00e0 comunidade. O vice-prefeito de Costa Rica, Roni Garcia Cota; a Secret\u00e1ria de Assist\u00eancia Social, Evair Gomes Nogueira e o Assessor T\u00e9cnico, Joaquim Alcides Carrijo, estiveram presente nesse momento memor\u00e1vel, al\u00e9m de tamb\u00e9m terem sido homenageados.<\/div>\n<div class=\"ntc_cont_descricao_noticia sw_txteditor\"><img decoding=\"async\" class=\"imgcentraliza\" src=\"https:\/\/www.costarica.ms.gov.br\/fotos\/94fb871ceeae146ae64396c2eee9b9a8.jpg\" alt=\"Foto Noticia Principal Grande\" \/><\/p>\n<p>Durante a solenidade, a C\u00e2mara de Vereadores prestou uma justa homenagem a todos os vereadores que fizeram parte da hist\u00f3ria de Costa Rica, representando a for\u00e7a e a uni\u00e3o do compromisso com o bem-estar dos cidad\u00e3os. A galeria de Legislaturas \u00e9 o reflexo do legado deixado por cada um deles, inspirando gera\u00e7\u00f5es futuras de vereadores a continuarem a construir um futuro promissor para a cidade.<\/p>\n<p>Representando o Executivo, o vice-prefeito de Costa Rica, Roni Cota externou cumprimentos ao Legislativo. \u201cGostaria de parabenizar a atual legislatura por ter tomado a iniciativa de homenagear os vereadores e ex-vereadores que atuaram nesta importante Casa de Leis. \u00c9 gratificante ver a emo\u00e7\u00e3o de cada um que passou por aqui ao longo dos anos. Infelizmente, alguns deles n\u00e3o podem estar presentes neste momento importante para a democracia de Costa Rica. Quero dizer a todos que continuem trabalhando duro para tornar nossa cidade ainda melhor. Hoje, participamos da inaugura\u00e7\u00e3o desta importante estrutura que n\u00e3o \u00e9 apenas para os vereadores, mas tamb\u00e9m para os servidores e para toda a popula\u00e7\u00e3o de Costa Rica. Que voc\u00eas continuem com suas ideias brilhantes para que possamos fazer de nossa cidade uma cidade ainda mais desenvolvida. Que o poder Legislativo seja mais forte e o Executivo cada vez mais representativo e atuante em benef\u00edcio de todo o nosso munic\u00edpio e nossa popula\u00e7\u00e3o. Parab\u00e9ns a todos voc\u00eas!\u201d, disse o gestor.<\/p><\/div>\n<div class=\"ntc_cont_descricao_noticia sw_txteditor\"><img decoding=\"async\" class=\"imgcentraliza\" src=\"https:\/\/www.costarica.ms.gov.br\/fotos\/cf6c14087e46d78f6fc2c55c567a5192.jpg\" alt=\"Foto Noticia Principal Grande\" \/><\/p>\n<p>Entre os homenageados, destaca-se o nome da galeria, Edmundo Souza da Costa, que nasceu em Costa Rica\/MS, em 24 de julho de 1938, filho de um casal de fazendeiros pioneiros da cidade. Edmundo Costa sempre esteve envolvido na pol\u00edtica da cidade e ingressou na carreira parlamentar aos 45 anos de idade, como vereador, na primeira legislatura da C\u00e2mara Municipal de Costa Rica, de 1983 a 1988.<\/p>\n<p>Edmundo teve nove irm\u00e3os e se casou cinco vezes, tendo oito filhos, 13 netos e 13 bisnetos. Mais do que bens materiais, o homenageado deixou um legado de valores para serem seguidos pelos filhos e familiares dele. Aos 80 anos de idade, Edmundo Costa faleceu em 14 de fevereiro de 2019.<\/p>\n<p>J\u00e1 o presidente do Legislativo, Ailton Martins Amorim resumiu o evento. &#8220;\u00c9 com muito orgulho que hoje tive a honra de homenagear meu pai e meu sogro nesta galeria a ser inaugurada. \u00c9 uma grande satisfa\u00e7\u00e3o poder reconhecer e valorizar aqueles que s\u00e3o importantes em nossas vidas. Convido a todos para se juntarem a n\u00f3s para descerrar a placa inaugural e conhecer a galeria, que \u00e9 um espa\u00e7o de celebra\u00e7\u00e3o e reconhecimento de pessoas not\u00e1veis em nossa comunidade.&#8221;<\/p>\n<p>A Mesa de Trabalhos foi composta pelo presidente da C\u00e2mara de Vereadores de Costa Rica, Ailton Martins de Amorim, o vice-prefeito Roni Cota, a vice-presidente da Mesa Diretora do Poder Legislativo, Ros\u00e2ngela Mar\u00e7al Paes, o primeiro-secret\u00e1rio, Averaldo Barbosa da Costa, e a segunda-secret\u00e1ria, professora mestre Manuelina Martins da Silva Arantes Cabral. Tamb\u00e9m estiveram presentes no Plen\u00e1rio da C\u00e2mara os vereadores Adair Tiago de Oliveira, Waldomiro Bocalan, Lucas L\u00e1zaro Gerolomo, Evaldo Paulino Garcia, Claudomiro Martins Rosa, Alecksander da Silva Pimenta e Artur Delgado Baird; familiares dos vereadores e ex-vereadores.<\/p><\/div>\n<div class=\"ntc_cont_descricao_noticia sw_txteditor\">\n<img decoding=\"async\" class=\"imgcentraliza\" src=\"https:\/\/www.costarica.ms.gov.br\/fotos\/73a98b6bb00176e147dfe00828296850.jpg\" alt=\"Foto Noticia Principal Grande\" \/><\/div>\n<div class=\"ntc_area_info_noticia sw_lato\">\n<p>&nbsp;<\/p>\n<p>&nbsp;<\/p>\n<div class=\"ntc_info_noticia\"><strong class=\"sw_lato_black\">Fonte: <\/strong>Assessoria de Comunica\u00e7\u00e3o &#8211; PMCR com Assecom &#8211; CMCR &#8211; Silvestre de Castro,Fotos: Fabrizzio Carrijo \/ Assecom CMCR<\/div>\n<\/div>\n<p>&nbsp;<\/p>\n","protected":false},"excerpt":{"rendered":"<p>Na noite do dia 29 de maio de 2023, a sede do Poder Legislativo de Costa Rica, no plen\u00e1rio de delibera\u00e7\u00f5es Simino Jorge de Oliveira, foi palco de uma sess\u00e3o solene em homenagem aos vereadores que, ao longo dos anos, dedicaram seu tempo, energia e paix\u00e3o para servir \u00e0 comunidade. O vice-prefeito de Costa Rica, [&hellip;]<\/p>\n","protected":false},"author":5,"featured_media":241320,"comment_status":"closed","ping_status":"closed","sticky":false,"template":"","format":"standard","meta":{"footnotes":""},"categories":[25],"tags":[],"class_list":["post-241319","post","type-post","status-publish","format-standard","has-post-thumbnail","hentry","category-costa-rica"],"_links":{"self":[{"href":"https:\/\/www.ocorreionews.com.br\/acervo-correio\/index.php?rest_route=\/wp\/v2\/posts\/241319","targetHints":{"allow":["GET"]}}],"collection":[{"href":"https:\/\/www.ocorreionews.com.br\/acervo-correio\/index.php?rest_route=\/wp\/v2\/posts"}],"about":[{"href":"https:\/\/www.ocorreionews.com.br\/acervo-correio\/index.php?rest_route=\/wp\/v2\/types\/post"}],"author":[{"embeddable":true,"href":"https:\/\/www.ocorreionews.com.br\/acervo-correio\/index.php?rest_route=\/wp\/v2\/users\/5"}],"replies":[{"embeddable":true,"href":"https:\/\/www.ocorreionews.com.br\/acervo-correio\/index.php?rest_route=%2Fwp%2Fv2%2Fcomments&post=241319"}],"version-history":[{"count":1,"href":"https:\/\/www.ocorreionews.com.br\/acervo-correio\/index.php?rest_route=\/wp\/v2\/posts\/241319\/revisions"}],"predecessor-version":[{"id":241321,"href":"https:\/\/www.ocorreionews.com.br\/acervo-correio\/index.php?rest_route=\/wp\/v2\/posts\/241319\/revisions\/241321"}],"wp:featuredmedia":[{"embeddable":true,"href":"https:\/\/www.ocorreionews.com.br\/acervo-correio\/index.php?rest_route=\/wp\/v2\/media\/241320"}],"wp:attachment":[{"href":"https:\/\/www.ocorreionews.com.br\/acervo-correio\/index.php?rest_route=%2Fwp%2Fv2%2Fmedia&parent=241319"}],"wp:term":[{"taxonomy":"category","embeddable":true,"href":"https:\/\/www.ocorreionews.com.br\/acervo-correio\/index.php?rest_route=%2Fwp%2Fv2%2Fcategories&post=241319"},{"taxonomy":"post_tag","embeddable":true,"href":"https:\/\/www.ocorreionews.com.br\/acervo-correio\/index.php?rest_route=%2Fwp%2Fv2%2Ftags&post=241319"}],"curies":[{"name":"wp","href":"https:\/\/api.w.org\/{rel}","templated":true}]}}