{"id":241326,"date":"2023-05-31T10:27:34","date_gmt":"2023-05-31T14:27:34","guid":{"rendered":"https:\/\/www.ocorreionews.com.br\/acervo-correio\/?p=241326"},"modified":"2023-05-31T10:27:34","modified_gmt":"2023-05-31T14:27:34","slug":"maio-amarelo-prefeitura-agradece-a-interacao-de-todos-na-campanha-em-chapadao-do-sul","status":"publish","type":"post","link":"https:\/\/www.ocorreionews.com.br\/acervo-correio\/?p=241326","title":{"rendered":"Maio Amarelo: Prefeitura agradece a intera\u00e7\u00e3o de todos na campanha em Chapad\u00e3o do Sul"},"content":{"rendered":"<p>A Prefeitura de Chapad\u00e3o do Sul atrav\u00e9s da Secretaria de Obras, por meio do Departamento Municipal de Tr\u00e2nsito \u2013 DEMUTRAN, agradece a cordialidade das unidades escolares p\u00fablicas e particulares da educa\u00e7\u00e3o infantil ao ensino m\u00e9dio, pela rica oportunidade de falarmos com alunos sobre a campanha do maio amarelo.<\/p>\n<p>O tema da campanha do maio amarelo deste ano foi: \u201cNO TR\u00c2NSITO, ESCOLHA A VIDA\u201d, e o objetivo ao longo das palestras foi ressalvar a necessidade de transitarmos de maneira segura e preservamos a vida.<\/p>\n<p>A campanha do maio amarelo \u00e9 um movimento que busca envolver institui\u00e7\u00f5es governamentais, empresas privadas, entidades de classe, associa\u00e7\u00f5es, academia, federa\u00e7\u00f5es, sociedade civil organizada e cidad\u00e3os, objetivando sensibilizar a sociedade para a import\u00e2ncia da ado\u00e7\u00e3o de comportamentos mais seguros no tr\u00e2nsito.<\/p>\n<p>O diretor do DEMUTRAN, Pedro Lopes, agradeceu a participa\u00e7\u00e3o de todos e o apoio de todas as unidades escolares de Chapad\u00e3o do Sul.<\/p>\n<p>A educa\u00e7\u00e3o \u00e9 um solo f\u00e9rtil e produtivo, sendo assim uma terra ideal para plantarmos boas ideias e pr\u00e1ticas para um tr\u00e2nsito mais seguro em nosso munic\u00edpio e pa\u00eds. A coordenadora de educa\u00e7\u00e3o para o tr\u00e2nsito, Fabiana Souza, agradece a todos os envolvidos.<\/p>\n<p>O DEMUTRAN agradece aos Agentes de Tr\u00e2nsito Alex Dreges, Denir Candido e Fabr\u00edcio Bacchi que se dispuseram a ajudar na campanha.<\/p>\n<p>No tr\u00e2nsito,\u00a0escolha\u00a0a\u00a0vida.<\/p>\n<p>&nbsp;<\/p>\n<p>*Assessoria<\/p>\n","protected":false},"excerpt":{"rendered":"<p>A Prefeitura de Chapad\u00e3o do Sul atrav\u00e9s da Secretaria de Obras, por meio do Departamento Municipal de Tr\u00e2nsito \u2013 DEMUTRAN, agradece a cordialidade das unidades escolares p\u00fablicas e particulares da educa\u00e7\u00e3o infantil ao ensino m\u00e9dio, pela rica oportunidade de falarmos com alunos sobre a campanha do maio amarelo. O tema da campanha do maio amarelo [&hellip;]<\/p>\n","protected":false},"author":5,"featured_media":241328,"comment_status":"closed","ping_status":"closed","sticky":false,"template":"","format":"standard","meta":{"footnotes":""},"categories":[23],"tags":[],"class_list":["post-241326","post","type-post","status-publish","format-standard","has-post-thumbnail","hentry","category-chapadao-do-sul"],"_links":{"self":[{"href":"https:\/\/www.ocorreionews.com.br\/acervo-correio\/index.php?rest_route=\/wp\/v2\/posts\/241326","targetHints":{"allow":["GET"]}}],"collection":[{"href":"https:\/\/www.ocorreionews.com.br\/acervo-correio\/index.php?rest_route=\/wp\/v2\/posts"}],"about":[{"href":"https:\/\/www.ocorreionews.com.br\/acervo-correio\/index.php?rest_route=\/wp\/v2\/types\/post"}],"author":[{"embeddable":true,"href":"https:\/\/www.ocorreionews.com.br\/acervo-correio\/index.php?rest_route=\/wp\/v2\/users\/5"}],"replies":[{"embeddable":true,"href":"https:\/\/www.ocorreionews.com.br\/acervo-correio\/index.php?rest_route=%2Fwp%2Fv2%2Fcomments&post=241326"}],"version-history":[{"count":1,"href":"https:\/\/www.ocorreionews.com.br\/acervo-correio\/index.php?rest_route=\/wp\/v2\/posts\/241326\/revisions"}],"predecessor-version":[{"id":241329,"href":"https:\/\/www.ocorreionews.com.br\/acervo-correio\/index.php?rest_route=\/wp\/v2\/posts\/241326\/revisions\/241329"}],"wp:featuredmedia":[{"embeddable":true,"href":"https:\/\/www.ocorreionews.com.br\/acervo-correio\/index.php?rest_route=\/wp\/v2\/media\/241328"}],"wp:attachment":[{"href":"https:\/\/www.ocorreionews.com.br\/acervo-correio\/index.php?rest_route=%2Fwp%2Fv2%2Fmedia&parent=241326"}],"wp:term":[{"taxonomy":"category","embeddable":true,"href":"https:\/\/www.ocorreionews.com.br\/acervo-correio\/index.php?rest_route=%2Fwp%2Fv2%2Fcategories&post=241326"},{"taxonomy":"post_tag","embeddable":true,"href":"https:\/\/www.ocorreionews.com.br\/acervo-correio\/index.php?rest_route=%2Fwp%2Fv2%2Ftags&post=241326"}],"curies":[{"name":"wp","href":"https:\/\/api.w.org\/{rel}","templated":true}]}}