{"id":241330,"date":"2023-05-31T10:43:41","date_gmt":"2023-05-31T14:43:41","guid":{"rendered":"https:\/\/www.ocorreionews.com.br\/acervo-correio\/?p=241330"},"modified":"2023-05-31T11:06:48","modified_gmt":"2023-05-31T15:06:48","slug":"homem-com-mandado-de-prisao-em-aberto-por-estupro-de-vulneravel-e-preso-em-alcinopolis","status":"publish","type":"post","link":"https:\/\/www.ocorreionews.com.br\/acervo-correio\/?p=241330","title":{"rendered":"Homem foragido da justi\u00e7a por estupro de vulner\u00e1vel \u00e9 preso em Alcin\u00f3polis"},"content":{"rendered":"<p>A Pol\u00edcia Militar prendeu na tarde de ontem (30\/05), um homem de 37 anos com mandado de pris\u00e3o em aberto em Alcin\u00f3polis.<\/p>\n<p>A guarni\u00e7\u00e3o de servi\u00e7o foi acionada por den\u00fancia an\u00f4nima informando sobre um homem com atitudes estranhas percorrendo a Avenida Joaquim Pereira Fran\u00e7a. Com as caracter\u00edsticas dele, os militares foram ao local juntamente com a Pol\u00edcia Civil e localizaram o suspeito.<\/p>\n<p>Os policiais realizaram checagem atrav\u00e9s do SIGO (Sistema Integrado de Gest\u00e3o Operacional) e constataram um mandado de pris\u00e3o por estupro de vulner\u00e1vel expedido pela 1\u00ba Vara da Comarca de Camapu\u00e3.<\/p>\n<p>Os policiais militares deram voz de pris\u00e3o e encaminharam o autor para a delegacia de pol\u00edcia para as demais provid\u00eancias.<\/p>\n<p>Assessoria de Comunica\u00e7\u00e3o Social &#8211; 5\u00ba BPM<\/p>\n","protected":false},"excerpt":{"rendered":"<p>A Pol\u00edcia Militar prendeu na tarde de ontem (30\/05), um homem de 37 anos com mandado de pris\u00e3o em aberto em Alcin\u00f3polis. A guarni\u00e7\u00e3o de servi\u00e7o foi acionada por den\u00fancia an\u00f4nima informando sobre um homem com atitudes estranhas percorrendo a Avenida Joaquim Pereira Fran\u00e7a. Com as caracter\u00edsticas dele, os militares foram ao local juntamente com [&hellip;]<\/p>\n","protected":false},"author":5,"featured_media":241332,"comment_status":"closed","ping_status":"closed","sticky":false,"template":"","format":"standard","meta":{"footnotes":""},"categories":[18,38],"tags":[],"class_list":["post-241330","post","type-post","status-publish","format-standard","has-post-thumbnail","hentry","category-alcinopolis","category-policia"],"_links":{"self":[{"href":"https:\/\/www.ocorreionews.com.br\/acervo-correio\/index.php?rest_route=\/wp\/v2\/posts\/241330","targetHints":{"allow":["GET"]}}],"collection":[{"href":"https:\/\/www.ocorreionews.com.br\/acervo-correio\/index.php?rest_route=\/wp\/v2\/posts"}],"about":[{"href":"https:\/\/www.ocorreionews.com.br\/acervo-correio\/index.php?rest_route=\/wp\/v2\/types\/post"}],"author":[{"embeddable":true,"href":"https:\/\/www.ocorreionews.com.br\/acervo-correio\/index.php?rest_route=\/wp\/v2\/users\/5"}],"replies":[{"embeddable":true,"href":"https:\/\/www.ocorreionews.com.br\/acervo-correio\/index.php?rest_route=%2Fwp%2Fv2%2Fcomments&post=241330"}],"version-history":[{"count":1,"href":"https:\/\/www.ocorreionews.com.br\/acervo-correio\/index.php?rest_route=\/wp\/v2\/posts\/241330\/revisions"}],"predecessor-version":[{"id":241339,"href":"https:\/\/www.ocorreionews.com.br\/acervo-correio\/index.php?rest_route=\/wp\/v2\/posts\/241330\/revisions\/241339"}],"wp:featuredmedia":[{"embeddable":true,"href":"https:\/\/www.ocorreionews.com.br\/acervo-correio\/index.php?rest_route=\/wp\/v2\/media\/241332"}],"wp:attachment":[{"href":"https:\/\/www.ocorreionews.com.br\/acervo-correio\/index.php?rest_route=%2Fwp%2Fv2%2Fmedia&parent=241330"}],"wp:term":[{"taxonomy":"category","embeddable":true,"href":"https:\/\/www.ocorreionews.com.br\/acervo-correio\/index.php?rest_route=%2Fwp%2Fv2%2Fcategories&post=241330"},{"taxonomy":"post_tag","embeddable":true,"href":"https:\/\/www.ocorreionews.com.br\/acervo-correio\/index.php?rest_route=%2Fwp%2Fv2%2Ftags&post=241330"}],"curies":[{"name":"wp","href":"https:\/\/api.w.org\/{rel}","templated":true}]}}