{"id":241333,"date":"2023-05-31T10:56:42","date_gmt":"2023-05-31T14:56:42","guid":{"rendered":"https:\/\/www.ocorreionews.com.br\/acervo-correio\/?p=241333"},"modified":"2023-05-31T11:05:59","modified_gmt":"2023-05-31T15:05:59","slug":"alcinopolis-realiza-no-proximo-mes-um-dos-maiores-arraia-da-regiao","status":"publish","type":"post","link":"https:\/\/www.ocorreionews.com.br\/acervo-correio\/?p=241333","title":{"rendered":"Alcin\u00f3polis realiza no pr\u00f3ximo m\u00eas um dos maiores Arraia da regi\u00e3o"},"content":{"rendered":"<p>Vem a\u00ed o maior \u201cArraia Municipal da regi\u00e3o norte do Estado em Alcin\u00f3polis, que ser\u00e1 realizado nos dias 23 e 24 de junho, \u00e1s 19 horas, na av. Pio Martins de Almeida (fundo da Prefeitura Municipal).<\/p>\n<p>O Arraia ele \u00e9 formado pelas escolas, <strong>EMAC<\/strong> \u201cEscola Municipal Alcino Carneiro\u201d, <strong>EMMAM<\/strong> \u201cEscola Municipal Miguel Ant\u00f4nio de Moraes\u201d, <strong>CMEI<\/strong> \u201cCentro Municipal de Educa\u00e7\u00e3o Infantil &#8220;Brenno Cris\u00f3stomo Duart&#8221; e <strong>APAE<\/strong> \u201cAssocia\u00e7\u00e3o de Pais e Amigos dos Excepcionais\u201d.<\/p>\n<p><strong>ATRA\u00c7\u00d5ES<\/strong><\/p>\n<p><em>&#8211; Quadrilhas.<\/em><\/p>\n<p><em>&#8211; Comidas e doces t\u00edpicos.<\/em><\/p>\n<p><em>&#8211; Bebidas.<\/em><\/p>\n<p><em>&#8211; Brincadeiras.<\/em><\/p>\n<p><em>&#8211; Decora\u00e7\u00f5es.<\/em><\/p>\n<p><em>&#8211; Barraca do beijo.<\/em><\/p>\n<p><em>&#8211; Correio elegante.<\/em><\/p>\n<p><em>&#8211; Fogueira.<\/em><\/p>\n<p><em>&#8211; Leil\u00e3o.<\/em><\/p>\n<p><em>&#8211; Bail\u00e3o com Grupo Sociedade Baileira.<\/em><\/p>\n<p>Uma realiza\u00e7\u00e3o da Prefeitura Municipal, <strong>SEMECE<\/strong> \u2013 Secretaria Municipal de Educa\u00e7\u00e3o, Cultura e Esporte, com apoio da <strong>SEMDEMA<\/strong> \u2013 Secretaria Municipal de Desenvolvimento Econ\u00f4mico e Meio Ambiente e <strong>SEMOSP<\/strong> \u2013 Secret\u00e1ria Municipal de Obras e Servi\u00e7os P\u00fablicos.<\/p>\n<p><a href=\"https:\/\/www.ocorreionews.com.br\/acervo-correio\/wp-content\/uploads\/2023\/05\/arraia-1.jpg\"><img loading=\"lazy\" decoding=\"async\" class=\"alignnone size-full wp-image-241335\" src=\"https:\/\/www.ocorreionews.com.br\/acervo-correio\/wp-content\/uploads\/2023\/05\/arraia-1.jpg\" alt=\"\" width=\"1080\" height=\"1080\" srcset=\"https:\/\/www.ocorreionews.com.br\/acervo-correio\/wp-content\/uploads\/2023\/05\/arraia-1.jpg 1080w, https:\/\/www.ocorreionews.com.br\/acervo-correio\/wp-content\/uploads\/2023\/05\/arraia-1-300x300.jpg 300w, https:\/\/www.ocorreionews.com.br\/acervo-correio\/wp-content\/uploads\/2023\/05\/arraia-1-1024x1024.jpg 1024w, https:\/\/www.ocorreionews.com.br\/acervo-correio\/wp-content\/uploads\/2023\/05\/arraia-1-150x150.jpg 150w, https:\/\/www.ocorreionews.com.br\/acervo-correio\/wp-content\/uploads\/2023\/05\/arraia-1-768x768.jpg 768w\" sizes=\"auto, (max-width: 1080px) 100vw, 1080px\" \/><\/a><\/p>\n<p>*RegionalMS<\/p>\n","protected":false},"excerpt":{"rendered":"<p>Vem a\u00ed o maior \u201cArraia Municipal da regi\u00e3o norte do Estado em Alcin\u00f3polis, que ser\u00e1 realizado nos dias 23 e 24 de junho, \u00e1s 19 horas, na av. Pio Martins de Almeida (fundo da Prefeitura Municipal). O Arraia ele \u00e9 formado pelas escolas, EMAC \u201cEscola Municipal Alcino Carneiro\u201d, EMMAM \u201cEscola Municipal Miguel Ant\u00f4nio de Moraes\u201d, [&hellip;]<\/p>\n","protected":false},"author":5,"featured_media":241336,"comment_status":"closed","ping_status":"closed","sticky":false,"template":"","format":"standard","meta":{"footnotes":""},"categories":[18],"tags":[],"class_list":["post-241333","post","type-post","status-publish","format-standard","has-post-thumbnail","hentry","category-alcinopolis"],"_links":{"self":[{"href":"https:\/\/www.ocorreionews.com.br\/acervo-correio\/index.php?rest_route=\/wp\/v2\/posts\/241333","targetHints":{"allow":["GET"]}}],"collection":[{"href":"https:\/\/www.ocorreionews.com.br\/acervo-correio\/index.php?rest_route=\/wp\/v2\/posts"}],"about":[{"href":"https:\/\/www.ocorreionews.com.br\/acervo-correio\/index.php?rest_route=\/wp\/v2\/types\/post"}],"author":[{"embeddable":true,"href":"https:\/\/www.ocorreionews.com.br\/acervo-correio\/index.php?rest_route=\/wp\/v2\/users\/5"}],"replies":[{"embeddable":true,"href":"https:\/\/www.ocorreionews.com.br\/acervo-correio\/index.php?rest_route=%2Fwp%2Fv2%2Fcomments&post=241333"}],"version-history":[{"count":1,"href":"https:\/\/www.ocorreionews.com.br\/acervo-correio\/index.php?rest_route=\/wp\/v2\/posts\/241333\/revisions"}],"predecessor-version":[{"id":241337,"href":"https:\/\/www.ocorreionews.com.br\/acervo-correio\/index.php?rest_route=\/wp\/v2\/posts\/241333\/revisions\/241337"}],"wp:featuredmedia":[{"embeddable":true,"href":"https:\/\/www.ocorreionews.com.br\/acervo-correio\/index.php?rest_route=\/wp\/v2\/media\/241336"}],"wp:attachment":[{"href":"https:\/\/www.ocorreionews.com.br\/acervo-correio\/index.php?rest_route=%2Fwp%2Fv2%2Fmedia&parent=241333"}],"wp:term":[{"taxonomy":"category","embeddable":true,"href":"https:\/\/www.ocorreionews.com.br\/acervo-correio\/index.php?rest_route=%2Fwp%2Fv2%2Fcategories&post=241333"},{"taxonomy":"post_tag","embeddable":true,"href":"https:\/\/www.ocorreionews.com.br\/acervo-correio\/index.php?rest_route=%2Fwp%2Fv2%2Ftags&post=241333"}],"curies":[{"name":"wp","href":"https:\/\/api.w.org\/{rel}","templated":true}]}}