{"id":241345,"date":"2023-05-31T14:12:42","date_gmt":"2023-05-31T18:12:42","guid":{"rendered":"https:\/\/www.ocorreionews.com.br\/acervo-correio\/?p=241345"},"modified":"2023-05-31T14:12:42","modified_gmt":"2023-05-31T18:12:42","slug":"adolescente-dentro-de-onibus-escolar-xinga-pms-que-estavam-em-viatura-ela-ja-e-bem-conhecida-nos-meios-policias","status":"publish","type":"post","link":"https:\/\/www.ocorreionews.com.br\/acervo-correio\/?p=241345","title":{"rendered":"Adolescente dentro de \u00f4nibus escolar xinga PMs que estavam em viatura. Ela j\u00e1 \u00e9 bem conhecida nos meios policias"},"content":{"rendered":"<p>Na manh\u00e3 desta quarta-feira (31), uma adolescente foi apreendida, quando ela seguia em um \u00f4nibus escolar e ao avistar uma viatura da PM de Chapad\u00e3o do Sul, come\u00e7ou a xingar os militares.<\/p>\n<p>De acordo com informa\u00e7\u00f5es do Boletim de Ocorr\u00eancia, uma equipe da Pol\u00edcia Militar estava nas imedia\u00e7\u00f5es da Avenida Goi\u00e1s com a Av. Mato Grosso do Sul, quando um \u00f4nibus escolar do munic\u00edpio passou pela viatura e uma adolescente que estava no ultimo banco do ve\u00edculo, colocou a cabe\u00e7a na janela e gritou \u201c<em>\u00b4Seus policias com\u00e9dia e arrombados\u201d, <\/em>e ainda fez um gesto obsceno mostrando o dedo de meio para os policiais.<\/p>\n<p>De imediato a guarni\u00e7\u00e3o foi no encal\u00e7o do \u00f4nibus e fizeram a abordagem do ve\u00edculo nas proximidades da Avenida Onze cruzamento com Avenida Quatro.<\/p>\n<p>Ao adentrar o \u00f4nibus os policias perceberam que alguns alunos mudaram de banco para confundir a identifica\u00e7\u00e3o. Os militares indagaram duas adolescentes que haviam mudado para os \u00faltimos bancos, elas acabaram mostrando quem era a autora das ofensas contra os policias. O que foi confessado por ela.<\/p>\n<p>Durante a coleta de dados das testemunhas a adolescente autora amea\u00e7ou as testemunhas, dizendo \u201c<em>Que as duas iriam apanhar logo-logo na escola<\/em> \u201c.<\/p>\n<p>A adolescente tem tido problemas na escola e tamb\u00e9m nas ruas, j\u00e1 foi conduzida outras vezes para a delegacia de pol\u00edcia por desacato e outros delitos e tamb\u00e9m constantemente e vista em companhias de pessoas de m\u00e1 \u00edndole.<\/p>\n<p>A jovem foi submetida a revista pessoal por policial feminina e foi feito o exame de corpo de delito.<\/p>\n<p>O conselho tutelar foi acionado e encontrou a respons\u00e1vel pela a menor sua av\u00f3 paterna que acompanhou a lavratura do boletim.<\/p>\n<p>A jovem foi conduzida sem algemas e no banco de tr\u00e1s da viatura at\u00e9 a Delegacia de Pol\u00edcia para tomar as medidas cab\u00edveis.<\/p>\n<p>&nbsp;<\/p>\n","protected":false},"excerpt":{"rendered":"<p>Na manh\u00e3 desta quarta-feira (31), uma adolescente foi apreendida, quando ela seguia em um \u00f4nibus escolar e ao avistar uma viatura da PM de Chapad\u00e3o do Sul, come\u00e7ou a xingar os militares. De acordo com informa\u00e7\u00f5es do Boletim de Ocorr\u00eancia, uma equipe da Pol\u00edcia Militar estava nas imedia\u00e7\u00f5es da Avenida Goi\u00e1s com a Av. Mato [&hellip;]<\/p>\n","protected":false},"author":5,"featured_media":115366,"comment_status":"closed","ping_status":"closed","sticky":false,"template":"","format":"standard","meta":{"footnotes":""},"categories":[23,41,38],"tags":[],"class_list":["post-241345","post","type-post","status-publish","format-standard","has-post-thumbnail","hentry","category-chapadao-do-sul","category-destaque","category-policia"],"_links":{"self":[{"href":"https:\/\/www.ocorreionews.com.br\/acervo-correio\/index.php?rest_route=\/wp\/v2\/posts\/241345","targetHints":{"allow":["GET"]}}],"collection":[{"href":"https:\/\/www.ocorreionews.com.br\/acervo-correio\/index.php?rest_route=\/wp\/v2\/posts"}],"about":[{"href":"https:\/\/www.ocorreionews.com.br\/acervo-correio\/index.php?rest_route=\/wp\/v2\/types\/post"}],"author":[{"embeddable":true,"href":"https:\/\/www.ocorreionews.com.br\/acervo-correio\/index.php?rest_route=\/wp\/v2\/users\/5"}],"replies":[{"embeddable":true,"href":"https:\/\/www.ocorreionews.com.br\/acervo-correio\/index.php?rest_route=%2Fwp%2Fv2%2Fcomments&post=241345"}],"version-history":[{"count":1,"href":"https:\/\/www.ocorreionews.com.br\/acervo-correio\/index.php?rest_route=\/wp\/v2\/posts\/241345\/revisions"}],"predecessor-version":[{"id":241348,"href":"https:\/\/www.ocorreionews.com.br\/acervo-correio\/index.php?rest_route=\/wp\/v2\/posts\/241345\/revisions\/241348"}],"wp:featuredmedia":[{"embeddable":true,"href":"https:\/\/www.ocorreionews.com.br\/acervo-correio\/index.php?rest_route=\/wp\/v2\/media\/115366"}],"wp:attachment":[{"href":"https:\/\/www.ocorreionews.com.br\/acervo-correio\/index.php?rest_route=%2Fwp%2Fv2%2Fmedia&parent=241345"}],"wp:term":[{"taxonomy":"category","embeddable":true,"href":"https:\/\/www.ocorreionews.com.br\/acervo-correio\/index.php?rest_route=%2Fwp%2Fv2%2Fcategories&post=241345"},{"taxonomy":"post_tag","embeddable":true,"href":"https:\/\/www.ocorreionews.com.br\/acervo-correio\/index.php?rest_route=%2Fwp%2Fv2%2Ftags&post=241345"}],"curies":[{"name":"wp","href":"https:\/\/api.w.org\/{rel}","templated":true}]}}