{"id":241357,"date":"2023-05-31T14:48:39","date_gmt":"2023-05-31T18:48:39","guid":{"rendered":"https:\/\/www.ocorreionews.com.br\/acervo-correio\/?p=241357"},"modified":"2023-05-31T14:48:39","modified_gmt":"2023-05-31T18:48:39","slug":"menos-da-metade-da-populacao-de-ms-foi-vacinada-contra-a-gripe","status":"publish","type":"post","link":"https:\/\/www.ocorreionews.com.br\/acervo-correio\/?p=241357","title":{"rendered":"Menos da metade da popula\u00e7\u00e3o de MS foi vacinada contra a gripe"},"content":{"rendered":"<p>A Secretaria Estadual de Sa\u00fade divulgou que cerca de 41% do p\u00fablico-alvo recebeu vacina contra a influenza (gripe) em Mato Grosso do Sul, na campanha deste ano. Al\u00e9m disso, refor\u00e7ou que os 79 munic\u00edpios continuem e ampliem a imuniza\u00e7\u00e3o. Pelo cronograma, a campanha nacional termina nesta quarta-feira (31).<\/p>\n<p>At\u00e9 o momento, diz a pasta, o Minist\u00e9rio da Sa\u00fade n\u00e3o informou se a campanha ser\u00e1 prorrogada, mas devido \u00e0 baixa cobertura e a proximidade do inverno, orienta que as prefeituras municipais continuem as aplica\u00e7\u00f5es at\u00e9 que o PNI (Programa Nacional de Imuniza\u00e7\u00f5es) defina as novas diretrizes.<\/p>\n<p>Vale ressaltar que a vacina \u00e9 gratuita e est\u00e1 dispon\u00edvel nas UBSs (Unidades B\u00e1sicas de Sa\u00fade) de todo o Estado.<\/p>\n<p>At\u00e9 o momento, a taxa de cobertura da influenza no Estado est\u00e1 em 41%, onde nacional preconizada pelo Minist\u00e9rio da Sa\u00fade \u00e9 de 95%. Os \u00fanicos munic\u00edpios que alcan\u00e7aram a meta foram Porto Murtinho, com 98%, e Eldorado, com 97%.<\/p>\n<p>Das 881 mil doses recebidas, o Estado j\u00e1 aplicou 577.570 mil doses de Influenza. Em 15 de maio, a SES abriu a vacina\u00e7\u00e3o para todos os p\u00fablicos devido o registro de aumento de casos de gripes e doen\u00e7as respirat\u00f3rias.<\/p>\n<p>A amplia\u00e7\u00e3o da oferta da vacina para a popula\u00e7\u00e3o geral &#8211; v\u00e1lida para crian\u00e7as a partir de seis meses de idade &#8211; tamb\u00e9m ocorre como forma de medida preventiva para prevenir sintomas de s\u00edndrome gripal e s\u00edndrome respirat\u00f3ria aguda grave, especialmente nas crian\u00e7as. O aumento de pessoas imunizadas contribui para menor circula\u00e7\u00e3o dos v\u00edrus e evita sobrecarga nos servi\u00e7os de sa\u00fade.<\/p>\n<p>A 25\u00aa Campanha Nacional de Vacina\u00e7\u00e3o contra a Influenza come\u00e7ou oficialmente em 10 de abril. Por\u00e9m, no Estado, a SES autorizou os 79 munic\u00edpios a vacinar os p\u00fablicos da campanha a partir de 28 de mar\u00e7o.<\/p>\n<p>&nbsp;<\/p>\n<p>Por Guilherme Correia &#8211; CAMPO GRANDE NEWS<\/p>\n","protected":false},"excerpt":{"rendered":"<p>A Secretaria Estadual de Sa\u00fade divulgou que cerca de 41% do p\u00fablico-alvo recebeu vacina contra a influenza (gripe) em Mato Grosso do Sul, na campanha deste ano. Al\u00e9m disso, refor\u00e7ou que os 79 munic\u00edpios continuem e ampliem a imuniza\u00e7\u00e3o. Pelo cronograma, a campanha nacional termina nesta quarta-feira (31). At\u00e9 o momento, diz a pasta, o [&hellip;]<\/p>\n","protected":false},"author":5,"featured_media":236195,"comment_status":"closed","ping_status":"closed","sticky":false,"template":"","format":"standard","meta":{"footnotes":""},"categories":[39],"tags":[],"class_list":["post-241357","post","type-post","status-publish","format-standard","has-post-thumbnail","hentry","category-saude"],"_links":{"self":[{"href":"https:\/\/www.ocorreionews.com.br\/acervo-correio\/index.php?rest_route=\/wp\/v2\/posts\/241357","targetHints":{"allow":["GET"]}}],"collection":[{"href":"https:\/\/www.ocorreionews.com.br\/acervo-correio\/index.php?rest_route=\/wp\/v2\/posts"}],"about":[{"href":"https:\/\/www.ocorreionews.com.br\/acervo-correio\/index.php?rest_route=\/wp\/v2\/types\/post"}],"author":[{"embeddable":true,"href":"https:\/\/www.ocorreionews.com.br\/acervo-correio\/index.php?rest_route=\/wp\/v2\/users\/5"}],"replies":[{"embeddable":true,"href":"https:\/\/www.ocorreionews.com.br\/acervo-correio\/index.php?rest_route=%2Fwp%2Fv2%2Fcomments&post=241357"}],"version-history":[{"count":1,"href":"https:\/\/www.ocorreionews.com.br\/acervo-correio\/index.php?rest_route=\/wp\/v2\/posts\/241357\/revisions"}],"predecessor-version":[{"id":241358,"href":"https:\/\/www.ocorreionews.com.br\/acervo-correio\/index.php?rest_route=\/wp\/v2\/posts\/241357\/revisions\/241358"}],"wp:featuredmedia":[{"embeddable":true,"href":"https:\/\/www.ocorreionews.com.br\/acervo-correio\/index.php?rest_route=\/wp\/v2\/media\/236195"}],"wp:attachment":[{"href":"https:\/\/www.ocorreionews.com.br\/acervo-correio\/index.php?rest_route=%2Fwp%2Fv2%2Fmedia&parent=241357"}],"wp:term":[{"taxonomy":"category","embeddable":true,"href":"https:\/\/www.ocorreionews.com.br\/acervo-correio\/index.php?rest_route=%2Fwp%2Fv2%2Fcategories&post=241357"},{"taxonomy":"post_tag","embeddable":true,"href":"https:\/\/www.ocorreionews.com.br\/acervo-correio\/index.php?rest_route=%2Fwp%2Fv2%2Ftags&post=241357"}],"curies":[{"name":"wp","href":"https:\/\/api.w.org\/{rel}","templated":true}]}}