{"id":241360,"date":"2023-05-31T16:33:25","date_gmt":"2023-05-31T20:33:25","guid":{"rendered":"https:\/\/www.ocorreionews.com.br\/acervo-correio\/?p=241360"},"modified":"2023-05-31T16:33:25","modified_gmt":"2023-05-31T20:33:25","slug":"50a-festa-de-santo-antonio-acontece-de-1o-a-13-de-junho-em-costa-rica","status":"publish","type":"post","link":"https:\/\/www.ocorreionews.com.br\/acervo-correio\/?p=241360","title":{"rendered":"50\u00aa Festa de Santo Ant\u00f4nio acontece de 1\u00ba a 13 de junho em Costa Rica"},"content":{"rendered":"<p>Em sua 50\u00aa edi\u00e7\u00e3o, a tradicional Festa de Santo Ant\u00f4nio, padroeiro de Costa Rica, acontece de 1\u00ba a 13 de junho na Pra\u00e7a Central Manoel Romualdo Gon\u00e7alves. O evento, voltado a toda comunidade costarriquense, conta com apoio do Governo Municipal.<\/p>\n<div class=\"ntc_cont_descricao_noticia sw_txteditor\">\n<div>\u201cA trezena de Santo Ant\u00f4nio \u00e9 um marco importante na nossa comunidade. A parte religiosa de uma festa desempenha um papel significativo na vida de muitas pessoas e traz um conjunto de valores, tradi\u00e7\u00f5es e cren\u00e7as que s\u00e3o fundamentais para aqueles que praticam a f\u00e9 em quest\u00e3o\u201d, ressalta o prefeito de Costa Rica, delegado Cleverson Alves dos Santos.<\/p>\n<p>Durante a Trezena de Santo Ant\u00f4nio, ser\u00e3o realizadas missas\u00a0todos os dias, shows especiais, apresenta\u00e7\u00f5es culturais, quermesse com pratos t\u00edpicos, parquinho, trenzinho, al\u00e9m do churrasco do padroeiro com leil\u00e3o de gado e prendas.<\/p><\/div>\n<div><img decoding=\"async\" class=\"imgcentraliza aligncenter\" src=\"https:\/\/www.costarica.ms.gov.br\/fotos\/aceee4e4aed6ddc2a9152d9d9ae1a2a8.jpg\" alt=\"Foto Noticia Principal Grande\" \/><\/p>\n<p>A programa\u00e7\u00e3o conta ainda com os tradicionais jantares, que este ano trazem um card\u00e1pio variado com porco no tacho (03\/06), galinhada (04\/06), agnolini (05\/06), macarronada (06\/06), tapioca (07\/06), chorip\u00e1n (08\/06), costela recheada (09\/06), bai\u00e3o de dois (10\/06), churrasco do padroeiro (11\/06), yakisoba (12\/06).<\/p><\/div>\n<div><img decoding=\"async\" class=\"imgcentraliza aligncenter\" src=\"https:\/\/www.costarica.ms.gov.br\/fotos\/5be263defe0ffcb9e1705be1edd8745b.jpg\" alt=\"Foto Noticia Principal Grande\" \/><\/p>\n<p><strong>Santo Ant\u00f4nio<\/strong><br \/>\nSanto Ant\u00f4nio ou Fernando Ant\u00f4nio de Bulh\u00f5es, nome de batismo, nasceu em Lisboa, Portugal, em 15 de agosto de 1195. De fam\u00edlia nobre e rica, era filho \u00fanico. A forma\u00e7\u00e3o inicial foi feita pelos c\u00f4negos da Catedral de Lisboa.<\/p>\n<p>\u00c9 conhecido como protetor das coisas perdidas, dos casamentos, dos pobres. \u00c9 o santo dos milagres. Ele morreu em P\u00e1dua, na It\u00e1lia, em 13 de junho de 1231, com 36 anos, por isso \u00e9 conhecido como Santo Ant\u00f4nio de P\u00e1dua, mas tamb\u00e9m como Santo Ant\u00f4nio de Lisboa, por ser a cidade de origem. Foi canonizado um ano depois de sua morte, em 1232.<\/p><\/div>\n<div>\n<\/div>\n<\/div>\n<div class=\"ntc_area_info_noticia sw_lato\">\n<div>\n<div class=\"ntc_info_noticia\"><strong class=\"sw_lato_black\">Fonte: <\/strong>Assessoria de Comunica\u00e7\u00e3o,<strong class=\"sw_lato_black\">\u00a0<\/strong>Angela Bezerra<\/div>\n<\/div>\n<\/div>\n","protected":false},"excerpt":{"rendered":"<p>Em sua 50\u00aa edi\u00e7\u00e3o, a tradicional Festa de Santo Ant\u00f4nio, padroeiro de Costa Rica, acontece de 1\u00ba a 13 de junho na Pra\u00e7a Central Manoel Romualdo Gon\u00e7alves. O evento, voltado a toda comunidade costarriquense, conta com apoio do Governo Municipal. \u201cA trezena de Santo Ant\u00f4nio \u00e9 um marco importante na nossa comunidade. A parte religiosa [&hellip;]<\/p>\n","protected":false},"author":5,"featured_media":241361,"comment_status":"closed","ping_status":"closed","sticky":false,"template":"","format":"standard","meta":{"footnotes":""},"categories":[25,41],"tags":[],"class_list":["post-241360","post","type-post","status-publish","format-standard","has-post-thumbnail","hentry","category-costa-rica","category-destaque"],"_links":{"self":[{"href":"https:\/\/www.ocorreionews.com.br\/acervo-correio\/index.php?rest_route=\/wp\/v2\/posts\/241360","targetHints":{"allow":["GET"]}}],"collection":[{"href":"https:\/\/www.ocorreionews.com.br\/acervo-correio\/index.php?rest_route=\/wp\/v2\/posts"}],"about":[{"href":"https:\/\/www.ocorreionews.com.br\/acervo-correio\/index.php?rest_route=\/wp\/v2\/types\/post"}],"author":[{"embeddable":true,"href":"https:\/\/www.ocorreionews.com.br\/acervo-correio\/index.php?rest_route=\/wp\/v2\/users\/5"}],"replies":[{"embeddable":true,"href":"https:\/\/www.ocorreionews.com.br\/acervo-correio\/index.php?rest_route=%2Fwp%2Fv2%2Fcomments&post=241360"}],"version-history":[{"count":1,"href":"https:\/\/www.ocorreionews.com.br\/acervo-correio\/index.php?rest_route=\/wp\/v2\/posts\/241360\/revisions"}],"predecessor-version":[{"id":241362,"href":"https:\/\/www.ocorreionews.com.br\/acervo-correio\/index.php?rest_route=\/wp\/v2\/posts\/241360\/revisions\/241362"}],"wp:featuredmedia":[{"embeddable":true,"href":"https:\/\/www.ocorreionews.com.br\/acervo-correio\/index.php?rest_route=\/wp\/v2\/media\/241361"}],"wp:attachment":[{"href":"https:\/\/www.ocorreionews.com.br\/acervo-correio\/index.php?rest_route=%2Fwp%2Fv2%2Fmedia&parent=241360"}],"wp:term":[{"taxonomy":"category","embeddable":true,"href":"https:\/\/www.ocorreionews.com.br\/acervo-correio\/index.php?rest_route=%2Fwp%2Fv2%2Fcategories&post=241360"},{"taxonomy":"post_tag","embeddable":true,"href":"https:\/\/www.ocorreionews.com.br\/acervo-correio\/index.php?rest_route=%2Fwp%2Fv2%2Ftags&post=241360"}],"curies":[{"name":"wp","href":"https:\/\/api.w.org\/{rel}","templated":true}]}}