{"id":241366,"date":"2023-05-31T16:59:48","date_gmt":"2023-05-31T20:59:48","guid":{"rendered":"https:\/\/www.ocorreionews.com.br\/acervo-correio\/?p=241366"},"modified":"2023-05-31T16:59:48","modified_gmt":"2023-05-31T20:59:48","slug":"pressionado-na-camara-governo-lula-bate-novo-recorde-e-libera-r-17-bilhao-em-emendas-em-um-dia","status":"publish","type":"post","link":"https:\/\/www.ocorreionews.com.br\/acervo-correio\/?p=241366","title":{"rendered":"Pressionado na C\u00e2mara, governo Lula bate novo recorde e libera R$ 1,7 bilh\u00e3o em emendas em um dia"},"content":{"rendered":"<p>Em meio a uma semana conturbada nas rela\u00e7\u00f5es com o Congresso Nacional, o governo <a class=\"\" href=\"https:\/\/oglobo.globo.com\/tudo-sobre\/politico\/luiz-inacio-lula-da-silva\">Lula<\/a> empenhou nesta ter\u00e7a-feira mais R$ 1,7 bilh\u00e3o em emendas para os parlamentares. O governo enfrenta dias decisivos na C\u00e2mara dos Deputados, que ontem aprovou, contra os interesses do Pal\u00e1cio do Planalto, o PL do Marco Temporal. Nesta quarta-feira, deputados e senadores ir\u00e3o votar a MP da Esplanada, outro projeto priorit\u00e1rio para o governo, j\u00e1 que define a organiza\u00e7\u00e3o dos minist\u00e9rios.<\/p>\n<div class=\"wall protected-content\">\n<div class=\"mc-column content-text active-extra-styles\" data-block-type=\"raw\" data-block-weight=\"32\" data-block-id=\"3\">\n<p>&nbsp;<\/p>\n<\/div>\n<div class=\"mc-column content-text active-extra-styles \" data-block-type=\"unstyled\" data-block-weight=\"61\" data-block-id=\"4\">\n<p class=\"content-text__container \" data-track-category=\"Link no Texto\" data-track-links=\"\">Essa libera\u00e7\u00e3o de recursos \u00e9 a maior, em um s\u00f3 dia, de todo o governo Lula. No in\u00edcio de maio, o GLOBO revelou que o governo tinha realizado empenhos de R$ 700 milh\u00f5es em um s\u00f3 dia. O governo decidiu acelerar a autoriza\u00e7\u00e3o de pagamento ap\u00f3s a derrota na vota\u00e7\u00e3o que derrubou os decretos de Lula sobre o Marco do Saneamento.<\/p>\n<p data-track-category=\"Link no Texto\" data-track-links=\"\">\n<\/div>\n<div class=\"mc-column content-text active-extra-styles \" data-block-type=\"unstyled\" data-block-weight=\"46\" data-block-id=\"5\">\n<p class=\"content-text__container \" data-track-category=\"Link no Texto\" data-track-links=\"\">Boa parte do valor saiu dos cofres do Minist\u00e9rio da Sa\u00fade. A libera\u00e7\u00e3o ocorre tamb\u00e9m no prazo final programado pelo Fundo Nacional da Sa\u00fade, que executa esses pagamentos. O envio de propostas de trabalho pelas prefeituras e governos que receberam os valores terminou nesta semana.<\/p>\n<p data-track-category=\"Link no Texto\" data-track-links=\"\">\n<\/div>\n<div class=\"mc-column content-text active-extra-styles \" data-block-type=\"unstyled\" data-block-weight=\"71\" data-block-id=\"7\">\n<p class=\"content-text__container \" data-track-category=\"Link no Texto\" data-track-links=\"\">Nesta quarta-feira, o presidente Luiz In\u00e1cio Lula da Silva (<a class=\"\" href=\"http:\/\/oglobo.globo.com\/tudo-sobre\/partido-politico\/pt\/\">PT<\/a>) se reuniu com seus principais l\u00edderes no Congresso e com os ministros da Casa Civil e das Rela\u00e7\u00f5es Institucionais, Rui Costa e Alexandre Padilha, respectivamente. Ap\u00f3s o encontro, o presidente ligou para Arthur Lira, presidente da C\u00e2mara. Na conversa, segundo interlocutores do parlamentar, Lira reclamou de dificuldades na articula\u00e7\u00e3o do governo. H\u00e1 a possibilidade de os dois se reunirem ainda hoje.<\/p>\n<\/div>\n<p class=\"content-text__container\">\n<div class=\"mc-column content-text active-extra-styles\" data-block-type=\"raw\" data-block-weight=\"3\" data-block-id=\"9\">\n<div class=\"content-intertitle\">\n<h2><strong>Inc\u00f4modos de Lira<\/strong><\/h2>\n<\/div>\n<\/div>\n<p>&nbsp;<\/p>\n<div class=\"mc-column content-text active-extra-styles \" data-block-type=\"unstyled\" data-block-weight=\"42\" data-block-id=\"10\">\n<p class=\"content-text__container \" data-track-category=\"Link no Texto\" data-track-links=\"\">Na conversa com o presidente, Lira tamb\u00e9m relatou inc\u00f4modo com ataques que tem recebido do senador Renan Calheiros (MDB-AL), aliado do Planalto, nas redes sociais. Os dois s\u00e3o advers\u00e1rios pol\u00edticos em Alagoas. O presidente da C\u00e2mara disse ser preciso &#8220;respeito&#8221; na pol\u00edtica.<\/p>\n<\/div>\n<div class=\"mc-column content-text active-extra-styles\" data-block-type=\"raw\" data-block-weight=\"36\" data-block-id=\"11\">\n<p>&nbsp;<\/p>\n<p>&nbsp;<\/p>\n<\/div>\n<div data-track-category=\"multicontent\" data-track-action=\"ultimo chunk conteudo\" data-track-noninteraction=\"false\" data-track-scroll=\"view\">\n<div class=\"mc-column content-text active-extra-styles \" data-block-type=\"unstyled\" data-block-weight=\"43\" data-block-id=\"12\">\n<p class=\"content-text__container \" data-track-category=\"Link no Texto\" data-track-links=\"\">A liga\u00e7\u00e3o de Lula ao presidente da C\u00e2mara acontece na v\u00e9spera de os deputados votarem a Medida Provis\u00f3ria que reestruturou os minist\u00e9rios do governo. O texto foi alterado pelo relator, deputado Isnaldo Bulh\u00f5es (MDB-AL), esvaziando as pastas do Meio Ambiente e Povos Ind\u00edgenas.<\/p>\n<\/div>\n<\/div>\n<\/div>\n<p data-track-category=\"Link no Texto\" data-track-links=\"\">\n<p data-track-category=\"Link no Texto\" data-track-links=\"\">\n<p data-track-category=\"Link no Texto\" data-track-links=\"\">*Por Dimitrius Dantas \u2014\u00a0O Globo<\/p>\n","protected":false},"excerpt":{"rendered":"<p>Em meio a uma semana conturbada nas rela\u00e7\u00f5es com o Congresso Nacional, o governo Lula empenhou nesta ter\u00e7a-feira mais R$ 1,7 bilh\u00e3o em emendas para os parlamentares. O governo enfrenta dias decisivos na C\u00e2mara dos Deputados, que ontem aprovou, contra os interesses do Pal\u00e1cio do Planalto, o PL do Marco Temporal. Nesta quarta-feira, deputados e [&hellip;]<\/p>\n","protected":false},"author":5,"featured_media":241368,"comment_status":"closed","ping_status":"closed","sticky":false,"template":"","format":"standard","meta":{"footnotes":""},"categories":[37],"tags":[],"class_list":["post-241366","post","type-post","status-publish","format-standard","has-post-thumbnail","hentry","category-politica"],"_links":{"self":[{"href":"https:\/\/www.ocorreionews.com.br\/acervo-correio\/index.php?rest_route=\/wp\/v2\/posts\/241366","targetHints":{"allow":["GET"]}}],"collection":[{"href":"https:\/\/www.ocorreionews.com.br\/acervo-correio\/index.php?rest_route=\/wp\/v2\/posts"}],"about":[{"href":"https:\/\/www.ocorreionews.com.br\/acervo-correio\/index.php?rest_route=\/wp\/v2\/types\/post"}],"author":[{"embeddable":true,"href":"https:\/\/www.ocorreionews.com.br\/acervo-correio\/index.php?rest_route=\/wp\/v2\/users\/5"}],"replies":[{"embeddable":true,"href":"https:\/\/www.ocorreionews.com.br\/acervo-correio\/index.php?rest_route=%2Fwp%2Fv2%2Fcomments&post=241366"}],"version-history":[{"count":1,"href":"https:\/\/www.ocorreionews.com.br\/acervo-correio\/index.php?rest_route=\/wp\/v2\/posts\/241366\/revisions"}],"predecessor-version":[{"id":241369,"href":"https:\/\/www.ocorreionews.com.br\/acervo-correio\/index.php?rest_route=\/wp\/v2\/posts\/241366\/revisions\/241369"}],"wp:featuredmedia":[{"embeddable":true,"href":"https:\/\/www.ocorreionews.com.br\/acervo-correio\/index.php?rest_route=\/wp\/v2\/media\/241368"}],"wp:attachment":[{"href":"https:\/\/www.ocorreionews.com.br\/acervo-correio\/index.php?rest_route=%2Fwp%2Fv2%2Fmedia&parent=241366"}],"wp:term":[{"taxonomy":"category","embeddable":true,"href":"https:\/\/www.ocorreionews.com.br\/acervo-correio\/index.php?rest_route=%2Fwp%2Fv2%2Fcategories&post=241366"},{"taxonomy":"post_tag","embeddable":true,"href":"https:\/\/www.ocorreionews.com.br\/acervo-correio\/index.php?rest_route=%2Fwp%2Fv2%2Ftags&post=241366"}],"curies":[{"name":"wp","href":"https:\/\/api.w.org\/{rel}","templated":true}]}}