{"id":241393,"date":"2023-06-01T08:29:43","date_gmt":"2023-06-01T12:29:43","guid":{"rendered":"https:\/\/www.ocorreionews.com.br\/acervo-correio\/?p=241393"},"modified":"2023-06-01T08:29:43","modified_gmt":"2023-06-01T12:29:43","slug":"matador-de-aluguel-e-preso-pelo-cod-em-chapadao-do-ceu","status":"publish","type":"post","link":"https:\/\/www.ocorreionews.com.br\/acervo-correio\/?p=241393","title":{"rendered":"Matador de aluguel \u00e9 preso pelo COD em Chapad\u00e3o do C\u00e9u"},"content":{"rendered":"<p>Na noite de quarta-feira (31), um homem que estava foragido ap\u00f3s ter sido contrato por um filho que queria que ele matasse o pai dele foi preso na cidade de Chapad\u00e3o do C\u00e9u &#8211; GO.<\/p>\n<p>Os policias do Comando de Opera\u00e7\u00f5es de Divisas COD\/GO, durante uma opera\u00e7\u00e3o realizou abordagem a um ve\u00edculo que trafegava em zona rural de Chapad\u00e3o do C\u00e9u. E durante as averigua\u00e7\u00f5es, a equipe constatou que um dos passageiros estava foragido da justi\u00e7a com um Mandado de Pris\u00e3o expedido pela Comarca de Capanema no estado do Paran\u00e1 no ano de 2022.<\/p>\n<p>O indiv\u00edduo que n\u00e3o teve a identidade revelada confessou seu crime em ju\u00edzo, relatando ter sido contratado por certo homem que lhe teria pago a quantia de R$ 5.000,00 (cinco mil reais) para matar o pr\u00f3prio pai que \u00e0 \u00e9poca, era agropecuarista do Estado do Paran\u00e1, possuidor de propriedades rurais, onde o filho pretendia herdar.<\/p>\n<p>N\u00e3o h\u00e1 a informa\u00e7\u00e3o se ele chegou a cometer o crime.<\/p>\n<p>O foragido da justi\u00e7a foi encaminhado \u00e0 Delegacia de Pol\u00edcia da cidade de Jata\u00ed- GO onde fora devidamente cumprido seu Mandado de Pris\u00e3o.<\/p>\n<p>&nbsp;<\/p>\n<p><em>*O Correio News, com informa\u00e7\u00f5es da Assessoria do COD<\/em><\/p>\n","protected":false},"excerpt":{"rendered":"<p>Na noite de quarta-feira (31), um homem que estava foragido ap\u00f3s ter sido contrato por um filho que queria que ele matasse o pai dele foi preso na cidade de Chapad\u00e3o do C\u00e9u &#8211; GO. Os policias do Comando de Opera\u00e7\u00f5es de Divisas COD\/GO, durante uma opera\u00e7\u00e3o realizou abordagem a um ve\u00edculo que trafegava em [&hellip;]<\/p>\n","protected":false},"author":5,"featured_media":241394,"comment_status":"closed","ping_status":"closed","sticky":false,"template":"","format":"standard","meta":{"footnotes":""},"categories":[22,38],"tags":[],"class_list":["post-241393","post","type-post","status-publish","format-standard","has-post-thumbnail","hentry","category-chapadao-do-ceu","category-policia"],"_links":{"self":[{"href":"https:\/\/www.ocorreionews.com.br\/acervo-correio\/index.php?rest_route=\/wp\/v2\/posts\/241393","targetHints":{"allow":["GET"]}}],"collection":[{"href":"https:\/\/www.ocorreionews.com.br\/acervo-correio\/index.php?rest_route=\/wp\/v2\/posts"}],"about":[{"href":"https:\/\/www.ocorreionews.com.br\/acervo-correio\/index.php?rest_route=\/wp\/v2\/types\/post"}],"author":[{"embeddable":true,"href":"https:\/\/www.ocorreionews.com.br\/acervo-correio\/index.php?rest_route=\/wp\/v2\/users\/5"}],"replies":[{"embeddable":true,"href":"https:\/\/www.ocorreionews.com.br\/acervo-correio\/index.php?rest_route=%2Fwp%2Fv2%2Fcomments&post=241393"}],"version-history":[{"count":1,"href":"https:\/\/www.ocorreionews.com.br\/acervo-correio\/index.php?rest_route=\/wp\/v2\/posts\/241393\/revisions"}],"predecessor-version":[{"id":241395,"href":"https:\/\/www.ocorreionews.com.br\/acervo-correio\/index.php?rest_route=\/wp\/v2\/posts\/241393\/revisions\/241395"}],"wp:featuredmedia":[{"embeddable":true,"href":"https:\/\/www.ocorreionews.com.br\/acervo-correio\/index.php?rest_route=\/wp\/v2\/media\/241394"}],"wp:attachment":[{"href":"https:\/\/www.ocorreionews.com.br\/acervo-correio\/index.php?rest_route=%2Fwp%2Fv2%2Fmedia&parent=241393"}],"wp:term":[{"taxonomy":"category","embeddable":true,"href":"https:\/\/www.ocorreionews.com.br\/acervo-correio\/index.php?rest_route=%2Fwp%2Fv2%2Fcategories&post=241393"},{"taxonomy":"post_tag","embeddable":true,"href":"https:\/\/www.ocorreionews.com.br\/acervo-correio\/index.php?rest_route=%2Fwp%2Fv2%2Ftags&post=241393"}],"curies":[{"name":"wp","href":"https:\/\/api.w.org\/{rel}","templated":true}]}}