{"id":241396,"date":"2023-06-01T08:40:49","date_gmt":"2023-06-01T12:40:49","guid":{"rendered":"https:\/\/www.ocorreionews.com.br\/acervo-correio\/?p=241396"},"modified":"2023-06-01T08:40:49","modified_gmt":"2023-06-01T12:40:49","slug":"acidente-entre-onibus-e-carreta-deixa-quatro-mortos-e-12-feridos-em-rodovia-de-goias","status":"publish","type":"post","link":"https:\/\/www.ocorreionews.com.br\/acervo-correio\/?p=241396","title":{"rendered":"Acidente entre \u00f4nibus e carreta deixa quatro mortos e 12 feridos em rodovia de Goi\u00e1s"},"content":{"rendered":"<p>Um acidente entre uma carreta e um \u00f4nibus deixou ao menos quatro mortos e 12 feridos na GO-164, entre Nova Crix\u00e1s e Mundo Novo. Um v\u00eddeo gravado por um homem que n\u00e3o quis se identificar mostra a carreta destru\u00edda e at\u00e9 o veloc\u00edmetro, que apontava 40km\/h.<\/p>\n<p><a href=\"https:\/\/g1.globo.com\/go\/goias\/video\/acidente-entre-onibus-e-carreta-deixa-quatro-mortos-e-12-feridos-em-rodovia-de-goias-11661776.ghtml\"><strong>Veja o v\u00eddeo acessando aqui<\/strong><\/a><\/p>\n<div id=\"chunk-ck2jg\">\n<div class=\"mc-column content-text active-extra-styles \" data-block-type=\"unstyled\" data-block-weight=\"32\" data-block-id=\"5\">\n<p class=\"content-text__container \" data-track-category=\"Link no Texto\" data-track-links=\"\">O acidente aconteceu na ter\u00e7a-feira (30), por volta das 22h30, pr\u00f3ximo ao trevo de S\u00e3o Jos\u00e9 dos Bandeirantes. De acordo com o Corpo de Bombeiros, algumas das v\u00edtimas ficaram presas \u00e0s ferragens.<\/p>\n<\/div>\n<\/div>\n<div id=\"chunk-c9i7r\">\n<div class=\"row medium-uncollapsed content-media content-photo\" data-block-type=\"backstage-photo\" data-block-id=\"6\">\n<div class=\" mc-column  content-media__container\">\n<div class=\"content-media-container glb-skeleton-box\">\n<figure class=\"content-media-figure\">\n<p><figure style=\"width: 647px\" class=\"wp-caption aligncenter\"><img loading=\"lazy\" decoding=\"async\" class=\"i-amphtml-fill-content i-amphtml-replaced-content\" src=\"https:\/\/s2-g1.glbimg.com\/duRx87O1M4T__y2fu_1CDPlP0IM=\/0x0:1700x1065\/984x0\/smart\/filters:strip_icc()\/i.s3.glbimg.com\/v1\/AUTH_59edd422c0c84a879bd37670ae4f538a\/internal_photos\/bs\/2023\/R\/2\/fEsdvjTJyPPeCE8uYR0Q\/imagem-g1-4-.png\" sizes=\"auto, (max-width: 1708px) 648px, 100vw\" srcset=\"https:\/\/s2-g1.glbimg.com\/weskh368gSrZkKKS7WEiQaJ3OBU=\/0x0:1700x1065\/1000x0\/smart\/filters:strip_icc()\/i.s3.glbimg.com\/v1\/AUTH_59edd422c0c84a879bd37670ae4f538a\/internal_photos\/bs\/2023\/R\/2\/fEsdvjTJyPPeCE8uYR0Q\/imagem-g1-4-.png 1000w, https:\/\/s2-g1.glbimg.com\/duRx87O1M4T__y2fu_1CDPlP0IM=\/0x0:1700x1065\/984x0\/smart\/filters:strip_icc()\/i.s3.glbimg.com\/v1\/AUTH_59edd422c0c84a879bd37670ae4f538a\/internal_photos\/bs\/2023\/R\/2\/fEsdvjTJyPPeCE8uYR0Q\/imagem-g1-4-.png 984w, https:\/\/s2-g1.glbimg.com\/SPOtDkMzOzFVvWWzFPPFlyPBK1I=\/0x0:1700x1065\/640x0\/smart\/filters:strip_icc()\/i.s3.glbimg.com\/v1\/AUTH_59edd422c0c84a879bd37670ae4f538a\/internal_photos\/bs\/2023\/R\/2\/fEsdvjTJyPPeCE8uYR0Q\/imagem-g1-4-.png 640w, https:\/\/s2-g1.glbimg.com\/KO7c51NsnOdA88PSUvgGnPBD6cg=\/0x0:1700x1065\/600x0\/smart\/filters:strip_icc()\/i.s3.glbimg.com\/v1\/AUTH_59edd422c0c84a879bd37670ae4f538a\/internal_photos\/bs\/2023\/R\/2\/fEsdvjTJyPPeCE8uYR0Q\/imagem-g1-4-.png 600w\" alt=\"Acidente entre \u00f4nibus e carreta deixa mortos e feridos G0-164, entre Nova Crix\u00e1s e Mundo Novo \u2014 Foto: Reprodu\u00e7\u00e3o\/Redes Sociais\" width=\"647\" height=\"405\" \/><figcaption class=\"wp-caption-text\">Acidente entre \u00f4nibus e carreta deixa mortos e feridos G0-164, entre Nova Crix\u00e1s e Mundo Novo \u2014 Foto: Reprodu\u00e7\u00e3o\/Redes Sociais<\/figcaption><\/figure><\/figure>\n<\/div>\n<p class=\"content-media__description  \">\n<\/div>\n<\/div>\n<\/div>\n<p>&nbsp;<\/p>\n<div id=\"chunk-9viss\">\n<div class=\"mc-column content-text active-extra-styles \" data-block-type=\"unstyled\" data-block-weight=\"36\" data-block-id=\"10\">\n<p class=\"content-text__container \" data-track-category=\"Link no Texto\" data-track-links=\"\">A corpora\u00e7\u00e3o informou que o \u00f4nibus envolvido no acidente transportava aproximadamente 40 trabalhadores que retornavam para o Maranh\u00e3o ap\u00f3s conclu\u00edrem um trabalho em Goi\u00e1s. Os bombeiros informaram que os detalhes sobre o acidente est\u00e3o sendo investigados.<\/p>\n<\/div>\n<\/div>\n<div id=\"chunk-3esoo\">\n<div class=\"row medium-uncollapsed content-media content-photo\" data-block-type=\"backstage-photo\" data-block-id=\"11\">\n<div class=\" mc-column  content-media__container\">\n<div class=\"content-media-container glb-skeleton-box\">\n<figure class=\"content-media-figure\">\n<p><figure style=\"width: 647px\" class=\"wp-caption aligncenter\"><img loading=\"lazy\" decoding=\"async\" class=\"i-amphtml-fill-content i-amphtml-replaced-content\" src=\"https:\/\/s2-g1.glbimg.com\/Ob0JyMcnChlK5MLg6sHaHLg4Bvs=\/0x0:1700x1065\/984x0\/smart\/filters:strip_icc()\/i.s3.glbimg.com\/v1\/AUTH_59edd422c0c84a879bd37670ae4f538a\/internal_photos\/bs\/2023\/L\/1\/srNzjqSm25VZ5SMIsVaw\/imagem-g1-2-.png\" sizes=\"auto, (max-width: 1708px) 648px, 100vw\" srcset=\"https:\/\/s2-g1.glbimg.com\/dsbTgnDYicdRLclclHX2TeSeRig=\/0x0:1700x1065\/1000x0\/smart\/filters:strip_icc()\/i.s3.glbimg.com\/v1\/AUTH_59edd422c0c84a879bd37670ae4f538a\/internal_photos\/bs\/2023\/L\/1\/srNzjqSm25VZ5SMIsVaw\/imagem-g1-2-.png 1000w, https:\/\/s2-g1.glbimg.com\/Ob0JyMcnChlK5MLg6sHaHLg4Bvs=\/0x0:1700x1065\/984x0\/smart\/filters:strip_icc()\/i.s3.glbimg.com\/v1\/AUTH_59edd422c0c84a879bd37670ae4f538a\/internal_photos\/bs\/2023\/L\/1\/srNzjqSm25VZ5SMIsVaw\/imagem-g1-2-.png 984w, https:\/\/s2-g1.glbimg.com\/FOX5zNdemKNE4_yIjesal6fs-tU=\/0x0:1700x1065\/640x0\/smart\/filters:strip_icc()\/i.s3.glbimg.com\/v1\/AUTH_59edd422c0c84a879bd37670ae4f538a\/internal_photos\/bs\/2023\/L\/1\/srNzjqSm25VZ5SMIsVaw\/imagem-g1-2-.png 640w, https:\/\/s2-g1.glbimg.com\/ykXgULQBu5TVrub08vvIAzsEZjk=\/0x0:1700x1065\/600x0\/smart\/filters:strip_icc()\/i.s3.glbimg.com\/v1\/AUTH_59edd422c0c84a879bd37670ae4f538a\/internal_photos\/bs\/2023\/L\/1\/srNzjqSm25VZ5SMIsVaw\/imagem-g1-2-.png 600w\" alt=\"Acidente entre \u00f4nibus e carreta deixa mortos e feridos G0-164, entre Nova Crix\u00e1s e Mundo Novo \u2014 Foto: Divulga\u00e7\u00e3o\/Corpo de Bombeiros\" width=\"647\" height=\"405\" \/><figcaption class=\"wp-caption-text\">Acidente entre \u00f4nibus e carreta deixa mortos e feridos G0-164, entre Nova Crix\u00e1s e Mundo Novo \u2014 Foto: Divulga\u00e7\u00e3o\/Corpo de Bombeiros<\/figcaption><\/figure><\/figure>\n<\/div>\n<p class=\"content-media__description  \">\n<p>&nbsp;<\/p>\n<\/div>\n<\/div>\n<\/div>\n<div id=\"chunk-2n1nl\">\n<p class=\"content-text__container \" data-track-category=\"Link no Texto\" data-track-links=\"\">As quatro v\u00edtimas s\u00e3o do munic\u00edpio de Buriti, que fica na regi\u00e3o Nordeste do Maranh\u00e3o. Os nomes completos ainda n\u00e3o foram confirmados, mas dois se chamavam Joaquim e Geovane, al\u00e9m de H\u00e9lio e Adriano, que eram irm\u00e3os.<\/p>\n<div class=\"mc-article-body\">\n<article>\n<div id=\"chunk-aive4\">\n<div class=\"row medium-uncollapsed content-media content-photo\" data-block-type=\"backstage-photo\" data-block-id=\"1\">\n<div class=\" mc-column  content-media__container\">\n<div class=\"content-media-container glb-skeleton-box\">\n<figure class=\"content-media-figure\">\n<p><figure style=\"width: 647px\" class=\"wp-caption aligncenter\"><img loading=\"lazy\" decoding=\"async\" class=\"i-amphtml-fill-content i-amphtml-replaced-content\" src=\"https:\/\/s2-g1.glbimg.com\/D34mC2Ynb1fU8Roey2mqX4hNNDQ=\/0x0:1920x1080\/984x0\/smart\/filters:strip_icc()\/i.s3.glbimg.com\/v1\/AUTH_59edd422c0c84a879bd37670ae4f538a\/internal_photos\/bs\/2023\/7\/p\/kSBF0ZRAKLeKpWUVYqvA\/fotojet-14-.jpg\" sizes=\"auto, (max-width: 1708px) 648px, 100vw\" srcset=\"https:\/\/s2-g1.glbimg.com\/0V1pNHE3o98-T5e7dh-w0_nnYes=\/0x0:1920x1080\/1000x0\/smart\/filters:strip_icc()\/i.s3.glbimg.com\/v1\/AUTH_59edd422c0c84a879bd37670ae4f538a\/internal_photos\/bs\/2023\/7\/p\/kSBF0ZRAKLeKpWUVYqvA\/fotojet-14-.jpg 1000w, https:\/\/s2-g1.glbimg.com\/D34mC2Ynb1fU8Roey2mqX4hNNDQ=\/0x0:1920x1080\/984x0\/smart\/filters:strip_icc()\/i.s3.glbimg.com\/v1\/AUTH_59edd422c0c84a879bd37670ae4f538a\/internal_photos\/bs\/2023\/7\/p\/kSBF0ZRAKLeKpWUVYqvA\/fotojet-14-.jpg 984w, https:\/\/s2-g1.glbimg.com\/R8xIb99xlTYpu6DlN-AuFtSkKKo=\/0x0:1920x1080\/640x0\/smart\/filters:strip_icc()\/i.s3.glbimg.com\/v1\/AUTH_59edd422c0c84a879bd37670ae4f538a\/internal_photos\/bs\/2023\/7\/p\/kSBF0ZRAKLeKpWUVYqvA\/fotojet-14-.jpg 640w, https:\/\/s2-g1.glbimg.com\/G_y5YRKYjCrbqu8fiIUd_lPavQk=\/0x0:1920x1080\/600x0\/smart\/filters:strip_icc()\/i.s3.glbimg.com\/v1\/AUTH_59edd422c0c84a879bd37670ae4f538a\/internal_photos\/bs\/2023\/7\/p\/kSBF0ZRAKLeKpWUVYqvA\/fotojet-14-.jpg 600w\" alt=\"V\u00edtimas do acidente entre \u00f4nibus e carreta, em Goi\u00e1s, eram de Buriti-MA \u2014 Foto: Reprodu\u00e7\u00e3o\/Prefeitura de Buriti\" width=\"647\" height=\"364\" \/><figcaption class=\"wp-caption-text\">V\u00edtimas do acidente entre \u00f4nibus e carreta, em Goi\u00e1s, eram de Buriti-MA \u2014 Foto: Reprodu\u00e7\u00e3o\/Prefeitura de Buriti<\/figcaption><\/figure><\/figure>\n<\/div>\n<p class=\"content-media__description  \">\n<\/div>\n<\/div>\n<\/div>\n<\/article>\n<\/div>\n<div class=\"mc-column content-text active-extra-styles \" data-block-type=\"unstyled\" data-block-weight=\"31\" data-block-id=\"12\">\n<p data-track-category=\"Link no Texto\" data-track-links=\"\">\n<\/div>\n<\/div>\n<p class=\"content-publication-data__from\" title=\"Thauany Melo e Elis\u00e2ngela Nogueira, g1 Goi\u00e1s\">Por Thauany Melo e Elis\u00e2ngela Nogueira, g1 Goi\u00e1s e g1 MA<\/p>\n","protected":false},"excerpt":{"rendered":"<p>Um acidente entre uma carreta e um \u00f4nibus deixou ao menos quatro mortos e 12 feridos na GO-164, entre Nova Crix\u00e1s e Mundo Novo. Um v\u00eddeo gravado por um homem que n\u00e3o quis se identificar mostra a carreta destru\u00edda e at\u00e9 o veloc\u00edmetro, que apontava 40km\/h. Veja o v\u00eddeo acessando aqui O acidente aconteceu na [&hellip;]<\/p>\n","protected":false},"author":5,"featured_media":241397,"comment_status":"closed","ping_status":"closed","sticky":false,"template":"","format":"standard","meta":{"footnotes":""},"categories":[38],"tags":[],"class_list":["post-241396","post","type-post","status-publish","format-standard","has-post-thumbnail","hentry","category-policia"],"_links":{"self":[{"href":"https:\/\/www.ocorreionews.com.br\/acervo-correio\/index.php?rest_route=\/wp\/v2\/posts\/241396","targetHints":{"allow":["GET"]}}],"collection":[{"href":"https:\/\/www.ocorreionews.com.br\/acervo-correio\/index.php?rest_route=\/wp\/v2\/posts"}],"about":[{"href":"https:\/\/www.ocorreionews.com.br\/acervo-correio\/index.php?rest_route=\/wp\/v2\/types\/post"}],"author":[{"embeddable":true,"href":"https:\/\/www.ocorreionews.com.br\/acervo-correio\/index.php?rest_route=\/wp\/v2\/users\/5"}],"replies":[{"embeddable":true,"href":"https:\/\/www.ocorreionews.com.br\/acervo-correio\/index.php?rest_route=%2Fwp%2Fv2%2Fcomments&post=241396"}],"version-history":[{"count":1,"href":"https:\/\/www.ocorreionews.com.br\/acervo-correio\/index.php?rest_route=\/wp\/v2\/posts\/241396\/revisions"}],"predecessor-version":[{"id":241398,"href":"https:\/\/www.ocorreionews.com.br\/acervo-correio\/index.php?rest_route=\/wp\/v2\/posts\/241396\/revisions\/241398"}],"wp:featuredmedia":[{"embeddable":true,"href":"https:\/\/www.ocorreionews.com.br\/acervo-correio\/index.php?rest_route=\/wp\/v2\/media\/241397"}],"wp:attachment":[{"href":"https:\/\/www.ocorreionews.com.br\/acervo-correio\/index.php?rest_route=%2Fwp%2Fv2%2Fmedia&parent=241396"}],"wp:term":[{"taxonomy":"category","embeddable":true,"href":"https:\/\/www.ocorreionews.com.br\/acervo-correio\/index.php?rest_route=%2Fwp%2Fv2%2Fcategories&post=241396"},{"taxonomy":"post_tag","embeddable":true,"href":"https:\/\/www.ocorreionews.com.br\/acervo-correio\/index.php?rest_route=%2Fwp%2Fv2%2Ftags&post=241396"}],"curies":[{"name":"wp","href":"https:\/\/api.w.org\/{rel}","templated":true}]}}