{"id":241406,"date":"2023-06-01T09:15:39","date_gmt":"2023-06-01T13:15:39","guid":{"rendered":"https:\/\/www.ocorreionews.com.br\/acervo-correio\/?p=241406"},"modified":"2023-06-01T09:15:39","modified_gmt":"2023-06-01T13:15:39","slug":"1o-feirao-de-empregos-de-costa-rica-atende-mais-de-130-pessoas-em-busca-de-vagas-no-mercado-de-trabalho","status":"publish","type":"post","link":"https:\/\/www.ocorreionews.com.br\/acervo-correio\/?p=241406","title":{"rendered":"1\u00ba Feir\u00e3o de Empregos de Costa Rica atende mais de 130 pessoas em busca de vagas no mercado de trabalho"},"content":{"rendered":"<div class=\"ntc_cont_descricao_noticia sw_txteditor\">\n<div>O 1\u00ba Feir\u00e3o de Empregos de Costa Rica, realizado nesta quarta-feira (31), garantiu o atendimento de mais de 130 pessoas que buscam uma vaga no mercado de trabalho<\/p>\n<p>\u201c O Feir\u00e3o foi realizado com objetivo de facilitar e agilizar o processo de entrevistas e contrata\u00e7\u00e3o de funcion\u00e1rios para empresas cadastradas na Casa do Trabalhador. Isso facilita muito a recoloca\u00e7\u00e3o no mercado de trabalho com carteira assinada\u201d, avalia o prefeito de Costa Rica, delegado Cleverson Alves dos Santos.<\/p>\n<p>A iniciativa, realizada pelo Governo de Costa Rica, atrav\u00e9s da SEMAD (Secretaria Municipal de Agricultura e Desenvolvimento) conta com apoio do Sebrae (Servi\u00e7o Brasileiro de Apoio \u00e0s Empresas) atrav\u00e9s do Programa Cidade Empreendedora, ACIACRI (Associa\u00e7\u00e3o Comercial de Costa Rica), C\u00e2mara de Vereadores e empresas privadas.<\/p>\n<p>Para o gestor da pasta, Fernando Barbosa,\u00a0\u00a0evento proporcionou um ambiente prop\u00edcio para a conex\u00e3o entre profissionais e empregadores, promovendo oportunidades de trabalho e contribuindo para o desenvolvimento econ\u00f4mico municipal.<\/p>\n<p>Conforme o subsecret\u00e1rio de Desenvolvimento, Airton Ruiz, \u201ca presen\u00e7a das empresas contratantes durante a iniciativa facilitou o procedimento e o resultado do 1\u00ba Feir\u00e3o de Empregos foi positivo e satisfat\u00f3rio\u201d, disse.<\/p>\n<p>Na oportunidade, o consultor do Sebrae\/MS, Odair Jos\u00e9 Mombach, ministrou uma palestra de desenvolvimento pessoal, com o tema \u201cQuando o neg\u00f3cio \u00e9 voc\u00ea\u201d, com objetivo de auxiliar ao m\u00e1ximo os profissionais que est\u00e3o querendo se colocar no mercado de trabalho. A a\u00e7\u00e3o faz parte da parceria entre o Munic\u00edpio de Costa Rica via SEMAD (Secretaria Municipal de Agricultura e Desenvolvimento) e o Programa Cidade Empreendedora.<\/p>\n<p>\u201cO nosso objetivo \u00e9 trabalhar a quest\u00e3o do marketing pessoal, a import\u00e2ncia de cuidar de si mesmo, de se desenvolver, sempre a chance de empregabilidade aumenta, bem como o envolvimento na sociedade e todos os potenciais se ampliam\u201d, concluiu o consultor.<\/p><\/div>\n<\/div>\n<p>&nbsp;<\/p>\n<p><img decoding=\"async\" src=\"https:\/\/www.costarica.ms.gov.br\/fotos\/af70ac3cd4b6f69c6295bf4604ca81a2.jpg\" alt=\"Foto Noticia Principal Grande\" \/><\/p>\n<div class=\"ntc_area_info_noticia sw_lato\">\n<div>\n<div class=\"ntc_info_noticia\"><strong class=\"sw_lato_black\">Fonte: <\/strong>Assessoria de Comunica\u00e7\u00e3o &#8211; Angela Bezerra<\/div>\n<\/div>\n<\/div>\n","protected":false},"excerpt":{"rendered":"<p>O 1\u00ba Feir\u00e3o de Empregos de Costa Rica, realizado nesta quarta-feira (31), garantiu o atendimento de mais de 130 pessoas que buscam uma vaga no mercado de trabalho \u201c O Feir\u00e3o foi realizado com objetivo de facilitar e agilizar o processo de entrevistas e contrata\u00e7\u00e3o de funcion\u00e1rios para empresas cadastradas na Casa do Trabalhador. Isso [&hellip;]<\/p>\n","protected":false},"author":5,"featured_media":241407,"comment_status":"closed","ping_status":"closed","sticky":false,"template":"","format":"standard","meta":{"footnotes":""},"categories":[25],"tags":[],"class_list":["post-241406","post","type-post","status-publish","format-standard","has-post-thumbnail","hentry","category-costa-rica"],"_links":{"self":[{"href":"https:\/\/www.ocorreionews.com.br\/acervo-correio\/index.php?rest_route=\/wp\/v2\/posts\/241406","targetHints":{"allow":["GET"]}}],"collection":[{"href":"https:\/\/www.ocorreionews.com.br\/acervo-correio\/index.php?rest_route=\/wp\/v2\/posts"}],"about":[{"href":"https:\/\/www.ocorreionews.com.br\/acervo-correio\/index.php?rest_route=\/wp\/v2\/types\/post"}],"author":[{"embeddable":true,"href":"https:\/\/www.ocorreionews.com.br\/acervo-correio\/index.php?rest_route=\/wp\/v2\/users\/5"}],"replies":[{"embeddable":true,"href":"https:\/\/www.ocorreionews.com.br\/acervo-correio\/index.php?rest_route=%2Fwp%2Fv2%2Fcomments&post=241406"}],"version-history":[{"count":1,"href":"https:\/\/www.ocorreionews.com.br\/acervo-correio\/index.php?rest_route=\/wp\/v2\/posts\/241406\/revisions"}],"predecessor-version":[{"id":241408,"href":"https:\/\/www.ocorreionews.com.br\/acervo-correio\/index.php?rest_route=\/wp\/v2\/posts\/241406\/revisions\/241408"}],"wp:featuredmedia":[{"embeddable":true,"href":"https:\/\/www.ocorreionews.com.br\/acervo-correio\/index.php?rest_route=\/wp\/v2\/media\/241407"}],"wp:attachment":[{"href":"https:\/\/www.ocorreionews.com.br\/acervo-correio\/index.php?rest_route=%2Fwp%2Fv2%2Fmedia&parent=241406"}],"wp:term":[{"taxonomy":"category","embeddable":true,"href":"https:\/\/www.ocorreionews.com.br\/acervo-correio\/index.php?rest_route=%2Fwp%2Fv2%2Fcategories&post=241406"},{"taxonomy":"post_tag","embeddable":true,"href":"https:\/\/www.ocorreionews.com.br\/acervo-correio\/index.php?rest_route=%2Fwp%2Fv2%2Ftags&post=241406"}],"curies":[{"name":"wp","href":"https:\/\/api.w.org\/{rel}","templated":true}]}}