{"id":241409,"date":"2023-06-01T09:42:35","date_gmt":"2023-06-01T13:42:35","guid":{"rendered":"https:\/\/www.ocorreionews.com.br\/acervo-correio\/?p=241409"},"modified":"2023-06-01T09:42:35","modified_gmt":"2023-06-01T13:42:35","slug":"itamar-mariani-e-reeleito-presidente-da-confaz-ms","status":"publish","type":"post","link":"https:\/\/www.ocorreionews.com.br\/acervo-correio\/?p=241409","title":{"rendered":"Itamar Mariani \u00e9 reeleito presidente da Confaz MS"},"content":{"rendered":"<p>O Secret\u00e1rio Municipal de Financias e Planejamentos de Chapad\u00e3o do Sul foi reeleito novamente para presid\u00eancia do Confaz \u2013 MS (Conselho dos Secret\u00e1rios Municipais de Receita, Fazenda e Finan\u00e7as do Mato Grosso do Sul) para o bi\u00eanio 2023\/2025.<\/p>\n<p>Itamar Mariani presidia o conselho deste o ano de 2020, quando era vice-presidente e assumiu a presid\u00eancia deixada por N\u00eddia Natachi Penteado da cidade de Ivinhema.<\/p>\n<p>Al\u00e9m de Itamar a nossa regi\u00e3o a compet\u00eancias dos secret\u00e1rios, pois o Secret\u00e1rio Municipal de Planejamento, Administra\u00e7\u00e3o e Finan\u00e7as de Para\u00edso das \u00c1guas, Ildo Furtado de Oliveira foi reeleito pela segunda vez consecutiva ao cargo de 1\u00b0 Secret\u00e1rio do Confaz\/MS.<\/p>\n<p>A elei\u00e7\u00e3o ocorreu no audit\u00f3rio da Assomasul (Associa\u00e7\u00e3o dos Munic\u00edpios de Mato Grosso do Sul), em Campo Grande, com chapa \u00fanica. Ap\u00f3s o resultado da vota\u00e7\u00e3o un\u00e2nime Itamar Mariani agradeceu aos presentes por mais um voto de confian\u00e7a para que ela possa dar continuidade aos trabalhos iniciados na primeira gest\u00e3o.<\/p>\n<p><a href=\"https:\/\/www.ocorreionews.com.br\/acervo-correio\/wp-content\/uploads\/2023\/06\/secretario-de-financas-de-paraiso-das-aguas-ildo-furtado-foi-reeleito-pela-segunda-vez-consecutiva-secretario-do-confaz-ms.jpg\"><img loading=\"lazy\" decoding=\"async\" class=\"alignnone  wp-image-241389\" src=\"https:\/\/www.ocorreionews.com.br\/acervo-correio\/wp-content\/uploads\/2023\/06\/secretario-de-financas-de-paraiso-das-aguas-ildo-furtado-foi-reeleito-pela-segunda-vez-consecutiva-secretario-do-confaz-ms.jpg\" alt=\"\" width=\"601\" height=\"451\" srcset=\"https:\/\/www.ocorreionews.com.br\/acervo-correio\/wp-content\/uploads\/2023\/06\/secretario-de-financas-de-paraiso-das-aguas-ildo-furtado-foi-reeleito-pela-segunda-vez-consecutiva-secretario-do-confaz-ms.jpg 900w, https:\/\/www.ocorreionews.com.br\/acervo-correio\/wp-content\/uploads\/2023\/06\/secretario-de-financas-de-paraiso-das-aguas-ildo-furtado-foi-reeleito-pela-segunda-vez-consecutiva-secretario-do-confaz-ms-300x225.jpg 300w, https:\/\/www.ocorreionews.com.br\/acervo-correio\/wp-content\/uploads\/2023\/06\/secretario-de-financas-de-paraiso-das-aguas-ildo-furtado-foi-reeleito-pela-segunda-vez-consecutiva-secretario-do-confaz-ms-768x576.jpg 768w, https:\/\/www.ocorreionews.com.br\/acervo-correio\/wp-content\/uploads\/2023\/06\/secretario-de-financas-de-paraiso-das-aguas-ildo-furtado-foi-reeleito-pela-segunda-vez-consecutiva-secretario-do-confaz-ms-86x64.jpg 86w\" sizes=\"auto, (max-width: 601px) 100vw, 601px\" \/><\/a><\/p>\n<p><a href=\"https:\/\/www.ocorreionews.com.br\/acervo-correio\/wp-content\/uploads\/2023\/06\/chapa.jpg\"><img loading=\"lazy\" decoding=\"async\" class=\"alignnone  wp-image-241411\" src=\"https:\/\/www.ocorreionews.com.br\/acervo-correio\/wp-content\/uploads\/2023\/06\/chapa.jpg\" alt=\"\" width=\"600\" height=\"348\" srcset=\"https:\/\/www.ocorreionews.com.br\/acervo-correio\/wp-content\/uploads\/2023\/06\/chapa.jpg 581w, https:\/\/www.ocorreionews.com.br\/acervo-correio\/wp-content\/uploads\/2023\/06\/chapa-300x174.jpg 300w\" sizes=\"auto, (max-width: 600px) 100vw, 600px\" \/><\/a><\/p>\n","protected":false},"excerpt":{"rendered":"<p>O Secret\u00e1rio Municipal de Financias e Planejamentos de Chapad\u00e3o do Sul foi reeleito novamente para presid\u00eancia do Confaz \u2013 MS (Conselho dos Secret\u00e1rios Municipais de Receita, Fazenda e Finan\u00e7as do Mato Grosso do Sul) para o bi\u00eanio 2023\/2025. Itamar Mariani presidia o conselho deste o ano de 2020, quando era vice-presidente e assumiu a presid\u00eancia [&hellip;]<\/p>\n","protected":false},"author":5,"featured_media":241410,"comment_status":"closed","ping_status":"closed","sticky":false,"template":"","format":"standard","meta":{"footnotes":""},"categories":[23,41],"tags":[],"class_list":["post-241409","post","type-post","status-publish","format-standard","has-post-thumbnail","hentry","category-chapadao-do-sul","category-destaque"],"_links":{"self":[{"href":"https:\/\/www.ocorreionews.com.br\/acervo-correio\/index.php?rest_route=\/wp\/v2\/posts\/241409","targetHints":{"allow":["GET"]}}],"collection":[{"href":"https:\/\/www.ocorreionews.com.br\/acervo-correio\/index.php?rest_route=\/wp\/v2\/posts"}],"about":[{"href":"https:\/\/www.ocorreionews.com.br\/acervo-correio\/index.php?rest_route=\/wp\/v2\/types\/post"}],"author":[{"embeddable":true,"href":"https:\/\/www.ocorreionews.com.br\/acervo-correio\/index.php?rest_route=\/wp\/v2\/users\/5"}],"replies":[{"embeddable":true,"href":"https:\/\/www.ocorreionews.com.br\/acervo-correio\/index.php?rest_route=%2Fwp%2Fv2%2Fcomments&post=241409"}],"version-history":[{"count":1,"href":"https:\/\/www.ocorreionews.com.br\/acervo-correio\/index.php?rest_route=\/wp\/v2\/posts\/241409\/revisions"}],"predecessor-version":[{"id":241413,"href":"https:\/\/www.ocorreionews.com.br\/acervo-correio\/index.php?rest_route=\/wp\/v2\/posts\/241409\/revisions\/241413"}],"wp:featuredmedia":[{"embeddable":true,"href":"https:\/\/www.ocorreionews.com.br\/acervo-correio\/index.php?rest_route=\/wp\/v2\/media\/241410"}],"wp:attachment":[{"href":"https:\/\/www.ocorreionews.com.br\/acervo-correio\/index.php?rest_route=%2Fwp%2Fv2%2Fmedia&parent=241409"}],"wp:term":[{"taxonomy":"category","embeddable":true,"href":"https:\/\/www.ocorreionews.com.br\/acervo-correio\/index.php?rest_route=%2Fwp%2Fv2%2Fcategories&post=241409"},{"taxonomy":"post_tag","embeddable":true,"href":"https:\/\/www.ocorreionews.com.br\/acervo-correio\/index.php?rest_route=%2Fwp%2Fv2%2Ftags&post=241409"}],"curies":[{"name":"wp","href":"https:\/\/api.w.org\/{rel}","templated":true}]}}