{"id":241417,"date":"2023-06-01T13:48:16","date_gmt":"2023-06-01T17:48:16","guid":{"rendered":"https:\/\/www.ocorreionews.com.br\/acervo-correio\/?p=241417"},"modified":"2023-06-01T13:48:16","modified_gmt":"2023-06-01T17:48:16","slug":"onibus-que-faz-a-linha-do-bairro-planalto-esta-fora-de-circulacao-ate-o-dia-09","status":"publish","type":"post","link":"https:\/\/www.ocorreionews.com.br\/acervo-correio\/?p=241417","title":{"rendered":"\u00d4nibus que faz a linha do Bairro Planalto est\u00e1 fora de circula\u00e7\u00e3o at\u00e9 o dia 09"},"content":{"rendered":"<p>A Prefeitura de Chapad\u00e3o do Sul atrav\u00e9s do DEMUTRAN informa a toda popula\u00e7\u00e3o, que o \u00f4nibus circular urbano que efetua a rota do bairro Planalto n\u00e3o estar\u00e1 fazendo a linha at\u00e9 o dia 09 de junho, devido a revis\u00e3o do ve\u00edculo.<\/p>\n<p><em>O Executivo Municipal agradece a compreens\u00e3o de todos.<\/em><\/p>\n<p>&nbsp;<\/p>\n<p>*Assessoria<\/p>\n","protected":false},"excerpt":{"rendered":"<p>A Prefeitura de Chapad\u00e3o do Sul atrav\u00e9s do DEMUTRAN informa a toda popula\u00e7\u00e3o, que o \u00f4nibus circular urbano que efetua a rota do bairro Planalto n\u00e3o estar\u00e1 fazendo a linha at\u00e9 o dia 09 de junho, devido a revis\u00e3o do ve\u00edculo. O Executivo Municipal agradece a compreens\u00e3o de todos. &nbsp; *Assessoria<\/p>\n","protected":false},"author":5,"featured_media":235750,"comment_status":"closed","ping_status":"closed","sticky":false,"template":"","format":"standard","meta":{"footnotes":""},"categories":[23],"tags":[],"class_list":["post-241417","post","type-post","status-publish","format-standard","has-post-thumbnail","hentry","category-chapadao-do-sul"],"_links":{"self":[{"href":"https:\/\/www.ocorreionews.com.br\/acervo-correio\/index.php?rest_route=\/wp\/v2\/posts\/241417","targetHints":{"allow":["GET"]}}],"collection":[{"href":"https:\/\/www.ocorreionews.com.br\/acervo-correio\/index.php?rest_route=\/wp\/v2\/posts"}],"about":[{"href":"https:\/\/www.ocorreionews.com.br\/acervo-correio\/index.php?rest_route=\/wp\/v2\/types\/post"}],"author":[{"embeddable":true,"href":"https:\/\/www.ocorreionews.com.br\/acervo-correio\/index.php?rest_route=\/wp\/v2\/users\/5"}],"replies":[{"embeddable":true,"href":"https:\/\/www.ocorreionews.com.br\/acervo-correio\/index.php?rest_route=%2Fwp%2Fv2%2Fcomments&post=241417"}],"version-history":[{"count":1,"href":"https:\/\/www.ocorreionews.com.br\/acervo-correio\/index.php?rest_route=\/wp\/v2\/posts\/241417\/revisions"}],"predecessor-version":[{"id":241418,"href":"https:\/\/www.ocorreionews.com.br\/acervo-correio\/index.php?rest_route=\/wp\/v2\/posts\/241417\/revisions\/241418"}],"wp:featuredmedia":[{"embeddable":true,"href":"https:\/\/www.ocorreionews.com.br\/acervo-correio\/index.php?rest_route=\/wp\/v2\/media\/235750"}],"wp:attachment":[{"href":"https:\/\/www.ocorreionews.com.br\/acervo-correio\/index.php?rest_route=%2Fwp%2Fv2%2Fmedia&parent=241417"}],"wp:term":[{"taxonomy":"category","embeddable":true,"href":"https:\/\/www.ocorreionews.com.br\/acervo-correio\/index.php?rest_route=%2Fwp%2Fv2%2Fcategories&post=241417"},{"taxonomy":"post_tag","embeddable":true,"href":"https:\/\/www.ocorreionews.com.br\/acervo-correio\/index.php?rest_route=%2Fwp%2Fv2%2Ftags&post=241417"}],"curies":[{"name":"wp","href":"https:\/\/api.w.org\/{rel}","templated":true}]}}