{"id":241425,"date":"2023-06-01T14:19:17","date_gmt":"2023-06-01T18:19:17","guid":{"rendered":"https:\/\/www.ocorreionews.com.br\/acervo-correio\/?p=241425"},"modified":"2023-06-01T14:19:17","modified_gmt":"2023-06-01T18:19:17","slug":"paraiso-recebe-o-espetaculo-teatral-uma-moca-da-cidade-na-proxima-segunda-feira","status":"publish","type":"post","link":"https:\/\/www.ocorreionews.com.br\/acervo-correio\/?p=241425","title":{"rendered":"Para\u00edso recebe o espet\u00e1culo teatral \u201cUma mo\u00e7a da cidade\u201d na pr\u00f3xima segunda-feira"},"content":{"rendered":"<p>Aten\u00e7\u00e3o popula\u00e7\u00e3o paraisense. Na pr\u00f3xima segunda-feira (05 de junho), temos um encontro marcado com a arte, com a cultura, com o lazer.<\/p>\n<p>A prefeitura de Para\u00edso das \u00c1guas em parceria com o Governo do Estado de Mato Grosso do Sul e Funda\u00e7\u00e3o de Cultura traz para nosso munic\u00edpio o espet\u00e1culo teatral \u201cUma mo\u00e7a da cidade\u201d, da companhia de teatro UBU, com dire\u00e7\u00e3o de Anderson Bosh.<\/p>\n<p>O espet\u00e1culo conta as desventuras de uma mo\u00e7a do interior (Ambrosina) numa cidade grande, que se apaixona, mas n\u00e3o tem o amor correspondido.<\/p>\n<p>A apresenta\u00e7\u00e3o ter\u00e1 in\u00edcio \u00e0s 19:30h na Pra\u00e7a da Igreja Matriz em Para\u00edso das \u00c1guas com entrada franca.<\/p>\n<p>Tamb\u00e9m ser\u00e1 gratuita a participa\u00e7\u00e3o, a quem interessar, na oficina de teatro que ser\u00e1 realizada no mesmo dia pelos membros da companhia teatral.<\/p>\n<p>A oficina tem vagas limitadas e ser\u00e1 realizada no dia 05\/06 a partir das 14 horas na Escola Lizete Rivelli. Inscri\u00e7\u00f5es devem ser realizadas por meio do n\u00famero (67) 9878-1117, falar com Alex.<\/p>\n<p>De acordo com o prefeito de Para\u00edso das \u00c1guas, An\u00edzio Sobrinho de Andrade, esta \u00e9 uma oportunidade \u00edmpar para a popula\u00e7\u00e3o paraisense.<\/p>\n<p>\u201cA Prefeitura se empenha em firmar parcerias com diversos \u00f3rg\u00e3os e institui\u00e7\u00f5es para promover o desenvolvimento de nossa cidade, e n\u00e3o poderia ser diferente quanto \u00e0 cultura e o lazer. Convidamos a todos para prestigiar o espet\u00e1culo, \u00e9 uma oportunidade para reunir as fam\u00edlias, reunir nossa comunidade, um momento de descontra\u00e7\u00e3o e merecido lazer\u201d, finaliza o prefeito.<\/p>\n<p><a href=\"https:\/\/www.ocorreionews.com.br\/acervo-correio\/wp-content\/uploads\/2023\/06\/teatro.jpg\"><img loading=\"lazy\" decoding=\"async\" class=\"alignnone size-full wp-image-241427\" src=\"https:\/\/www.ocorreionews.com.br\/acervo-correio\/wp-content\/uploads\/2023\/06\/teatro.jpg\" alt=\"\" width=\"1024\" height=\"1280\" srcset=\"https:\/\/www.ocorreionews.com.br\/acervo-correio\/wp-content\/uploads\/2023\/06\/teatro.jpg 1024w, https:\/\/www.ocorreionews.com.br\/acervo-correio\/wp-content\/uploads\/2023\/06\/teatro-240x300.jpg 240w, https:\/\/www.ocorreionews.com.br\/acervo-correio\/wp-content\/uploads\/2023\/06\/teatro-819x1024.jpg 819w, https:\/\/www.ocorreionews.com.br\/acervo-correio\/wp-content\/uploads\/2023\/06\/teatro-768x960.jpg 768w\" sizes=\"auto, (max-width: 1024px) 100vw, 1024px\" \/><\/a><\/p>\n<p>&nbsp;<\/p>\n<p>*Assecom PMPA<\/p>\n","protected":false},"excerpt":{"rendered":"<p>Aten\u00e7\u00e3o popula\u00e7\u00e3o paraisense. Na pr\u00f3xima segunda-feira (05 de junho), temos um encontro marcado com a arte, com a cultura, com o lazer. A prefeitura de Para\u00edso das \u00c1guas em parceria com o Governo do Estado de Mato Grosso do Sul e Funda\u00e7\u00e3o de Cultura traz para nosso munic\u00edpio o espet\u00e1culo teatral \u201cUma mo\u00e7a da cidade\u201d, [&hellip;]<\/p>\n","protected":false},"author":5,"featured_media":241427,"comment_status":"closed","ping_status":"closed","sticky":false,"template":"","format":"standard","meta":{"footnotes":""},"categories":[36],"tags":[],"class_list":["post-241425","post","type-post","status-publish","format-standard","has-post-thumbnail","hentry","category-paraiso-das-aguas"],"_links":{"self":[{"href":"https:\/\/www.ocorreionews.com.br\/acervo-correio\/index.php?rest_route=\/wp\/v2\/posts\/241425","targetHints":{"allow":["GET"]}}],"collection":[{"href":"https:\/\/www.ocorreionews.com.br\/acervo-correio\/index.php?rest_route=\/wp\/v2\/posts"}],"about":[{"href":"https:\/\/www.ocorreionews.com.br\/acervo-correio\/index.php?rest_route=\/wp\/v2\/types\/post"}],"author":[{"embeddable":true,"href":"https:\/\/www.ocorreionews.com.br\/acervo-correio\/index.php?rest_route=\/wp\/v2\/users\/5"}],"replies":[{"embeddable":true,"href":"https:\/\/www.ocorreionews.com.br\/acervo-correio\/index.php?rest_route=%2Fwp%2Fv2%2Fcomments&post=241425"}],"version-history":[{"count":1,"href":"https:\/\/www.ocorreionews.com.br\/acervo-correio\/index.php?rest_route=\/wp\/v2\/posts\/241425\/revisions"}],"predecessor-version":[{"id":241428,"href":"https:\/\/www.ocorreionews.com.br\/acervo-correio\/index.php?rest_route=\/wp\/v2\/posts\/241425\/revisions\/241428"}],"wp:featuredmedia":[{"embeddable":true,"href":"https:\/\/www.ocorreionews.com.br\/acervo-correio\/index.php?rest_route=\/wp\/v2\/media\/241427"}],"wp:attachment":[{"href":"https:\/\/www.ocorreionews.com.br\/acervo-correio\/index.php?rest_route=%2Fwp%2Fv2%2Fmedia&parent=241425"}],"wp:term":[{"taxonomy":"category","embeddable":true,"href":"https:\/\/www.ocorreionews.com.br\/acervo-correio\/index.php?rest_route=%2Fwp%2Fv2%2Fcategories&post=241425"},{"taxonomy":"post_tag","embeddable":true,"href":"https:\/\/www.ocorreionews.com.br\/acervo-correio\/index.php?rest_route=%2Fwp%2Fv2%2Ftags&post=241425"}],"curies":[{"name":"wp","href":"https:\/\/api.w.org\/{rel}","templated":true}]}}