{"id":241430,"date":"2023-06-01T14:58:30","date_gmt":"2023-06-01T18:58:30","guid":{"rendered":"https:\/\/www.ocorreionews.com.br\/acervo-correio\/?p=241430"},"modified":"2023-06-01T14:58:30","modified_gmt":"2023-06-01T18:58:30","slug":"vereadores-prof-leonardo-neife-vida-e-tuta-solicitam-a-deputada-mara-caseiro-iluminacao-para-o-rodoanel-que-esta-em-construcao-em-paraiso-das-aguas","status":"publish","type":"post","link":"https:\/\/www.ocorreionews.com.br\/acervo-correio\/?p=241430","title":{"rendered":"Vereadores Prof. Leonardo, Neife Vida e Tuta solicitam \u00e0 deputada Mara Caseiro ilumina\u00e7\u00e3o para o Rodoanel que est\u00e1 em constru\u00e7\u00e3o em Para\u00edso das \u00c1guas"},"content":{"rendered":"<p>Os vereadores Prof. Leonardo (PP), Neife Vida (PP) e Tuta (PSDB) estiveram pessoalmente no gabinete da deputada estadual Mara Caseiro (PSDB), apresentando o of\u00edcio N\u00b0 009l2023, solicitando a instala\u00e7\u00e3o de ilumina\u00e7\u00e3o p\u00fablica fotovoltaica (solar) no Rodoanel que est\u00e1 sendo constru\u00eddo na MS 316, com a Rodovia BR 060 em Para\u00edso das \u00c1guas.<\/p>\n<p>&#8220;Desde j\u00e1 queremos antecipar nosso agradecimento \u00e0 nossa deputada Mara Caseiro, que t\u00eam sido uma grande parceira de nosso Munic\u00edpio e que mais uma vez, se colocou \u00e0 disposi\u00e7\u00e3o para viabilizar junto ao governador Eduardo Riedel, melhorias para nosso Para\u00edso das \u00c1guas&#8221;, enfatizou o vereador Prof. Leonardo.<\/p>\n<p><img decoding=\"async\" src=\"https:\/\/www.bncnoticias.com.br\/arquivos\/img-uploads\/imagem_633.jpg\" \/><\/p>\n<p>&nbsp;<\/p>\n<p>*BNC Noticias<\/p>\n","protected":false},"excerpt":{"rendered":"<p>Os vereadores Prof. Leonardo (PP), Neife Vida (PP) e Tuta (PSDB) estiveram pessoalmente no gabinete da deputada estadual Mara Caseiro (PSDB), apresentando o of\u00edcio N\u00b0 009l2023, solicitando a instala\u00e7\u00e3o de ilumina\u00e7\u00e3o p\u00fablica fotovoltaica (solar) no Rodoanel que est\u00e1 sendo constru\u00eddo na MS 316, com a Rodovia BR 060 em Para\u00edso das \u00c1guas. &#8220;Desde j\u00e1 queremos [&hellip;]<\/p>\n","protected":false},"author":5,"featured_media":241431,"comment_status":"closed","ping_status":"closed","sticky":false,"template":"","format":"standard","meta":{"footnotes":""},"categories":[20,36],"tags":[],"class_list":["post-241430","post","type-post","status-publish","format-standard","has-post-thumbnail","hentry","category-camara-municipal","category-paraiso-das-aguas"],"_links":{"self":[{"href":"https:\/\/www.ocorreionews.com.br\/acervo-correio\/index.php?rest_route=\/wp\/v2\/posts\/241430","targetHints":{"allow":["GET"]}}],"collection":[{"href":"https:\/\/www.ocorreionews.com.br\/acervo-correio\/index.php?rest_route=\/wp\/v2\/posts"}],"about":[{"href":"https:\/\/www.ocorreionews.com.br\/acervo-correio\/index.php?rest_route=\/wp\/v2\/types\/post"}],"author":[{"embeddable":true,"href":"https:\/\/www.ocorreionews.com.br\/acervo-correio\/index.php?rest_route=\/wp\/v2\/users\/5"}],"replies":[{"embeddable":true,"href":"https:\/\/www.ocorreionews.com.br\/acervo-correio\/index.php?rest_route=%2Fwp%2Fv2%2Fcomments&post=241430"}],"version-history":[{"count":1,"href":"https:\/\/www.ocorreionews.com.br\/acervo-correio\/index.php?rest_route=\/wp\/v2\/posts\/241430\/revisions"}],"predecessor-version":[{"id":241435,"href":"https:\/\/www.ocorreionews.com.br\/acervo-correio\/index.php?rest_route=\/wp\/v2\/posts\/241430\/revisions\/241435"}],"wp:featuredmedia":[{"embeddable":true,"href":"https:\/\/www.ocorreionews.com.br\/acervo-correio\/index.php?rest_route=\/wp\/v2\/media\/241431"}],"wp:attachment":[{"href":"https:\/\/www.ocorreionews.com.br\/acervo-correio\/index.php?rest_route=%2Fwp%2Fv2%2Fmedia&parent=241430"}],"wp:term":[{"taxonomy":"category","embeddable":true,"href":"https:\/\/www.ocorreionews.com.br\/acervo-correio\/index.php?rest_route=%2Fwp%2Fv2%2Fcategories&post=241430"},{"taxonomy":"post_tag","embeddable":true,"href":"https:\/\/www.ocorreionews.com.br\/acervo-correio\/index.php?rest_route=%2Fwp%2Fv2%2Ftags&post=241430"}],"curies":[{"name":"wp","href":"https:\/\/api.w.org\/{rel}","templated":true}]}}