{"id":241482,"date":"2023-06-02T09:38:08","date_gmt":"2023-06-02T13:38:08","guid":{"rendered":"https:\/\/www.ocorreionews.com.br\/acervo-correio\/?p=241482"},"modified":"2023-06-02T09:38:08","modified_gmt":"2023-06-02T13:38:08","slug":"prefeito-dr-cleverson-visita-a-capela-levanta-reivindicacoes-da-comunidade-local","status":"publish","type":"post","link":"https:\/\/www.ocorreionews.com.br\/acervo-correio\/?p=241482","title":{"rendered":"Prefeito dr. Cleverson visita \u00e0 Capela levanta reivindica\u00e7\u00f5es da comunidade local"},"content":{"rendered":"<div class=\"ntc_cont_descricao_noticia sw_txteditor\">Nesta quinta-feira (1\u00ba), o prefeito de Costa Rica, delegado Cleverson Alves dos Santos, e o vereador Adair Tiago de Oliveira se reuniram na resid\u00eancia de Maria Eroni Santos dos Santos com os moradores da comunidade da Capela para ouvir as reclama\u00e7\u00f5es e reivindica\u00e7\u00f5es da popula\u00e7\u00e3o local.<\/p>\n<p>Diversos assuntos foram abordados, como a reposi\u00e7\u00e3o de l\u00e2mpadas queimadas, ilumina\u00e7\u00e3o da quadra de esportes e instala\u00e7\u00e3o de uma academia ao ar livre, entre outros. O prefeito se prontificou a atender as solicita\u00e7\u00f5es imediatas e realizar estudos para viabilizar outras demandas.<\/p><\/div>\n<div class=\"ntc_cont_descricao_noticia sw_txteditor\"><img decoding=\"async\" class=\"imgcentraliza\" src=\"https:\/\/www.costarica.ms.gov.br\/fotos\/0ccbfc73d882813ba707c90c28fe0b15.jpg\" alt=\"Foto Noticia Principal Grande\" \/><\/p>\n<p>A moradora Olivia Alves Queiroz, agradeceu \u00e0 visita do prefeito e disse que precisava muito da sua presen\u00e7a para saber do que a comunidade realmente precisa. Ela tamb\u00e9m agradeceu a disponibiliza\u00e7\u00e3o da Pol\u00edcia Militar para fazer rondas naquela localidade.<\/p>\n<p>\u201c\u00c9 importante destacar a iniciativa do prefeito e do vereador em estar presente na comunidade e ouvir as demandas para melhorar a qualidade de vida dos moradores da Capela\u201d, disse a moradora.<\/p><\/div>\n<div class=\"ntc_cont_descricao_noticia sw_txteditor\"><img decoding=\"async\" class=\"imgcentraliza\" src=\"https:\/\/www.costarica.ms.gov.br\/fotos\/71c121f42078e44aacd811e37a79837c.jpg\" alt=\"Foto Noticia Principal Grande\" \/><\/div>\n<div class=\"ntc_cont_descricao_noticia sw_txteditor\"><img decoding=\"async\" class=\"imgcentraliza\" src=\"https:\/\/www.costarica.ms.gov.br\/fotos\/4873e3820dde733bc24dd1c8584fb3f1.jpg\" alt=\"Foto Noticia Principal Grande\" \/><\/p>\n<\/div>\n<div class=\"ntc_area_info_noticia sw_lato\">\n<div>\n<div class=\"ntc_info_noticia\"><strong class=\"sw_lato_black\">Fonte: <\/strong>Assessoria de Comunica\u00e7\u00e3o &#8211; PMCR, <strong class=\"sw_lato_black\">\u00a0<\/strong>Silvestre de Castro<\/div>\n<\/div>\n<\/div>\n","protected":false},"excerpt":{"rendered":"<p>Nesta quinta-feira (1\u00ba), o prefeito de Costa Rica, delegado Cleverson Alves dos Santos, e o vereador Adair Tiago de Oliveira se reuniram na resid\u00eancia de Maria Eroni Santos dos Santos com os moradores da comunidade da Capela para ouvir as reclama\u00e7\u00f5es e reivindica\u00e7\u00f5es da popula\u00e7\u00e3o local. Diversos assuntos foram abordados, como a reposi\u00e7\u00e3o de l\u00e2mpadas [&hellip;]<\/p>\n","protected":false},"author":4,"featured_media":241480,"comment_status":"closed","ping_status":"closed","sticky":false,"template":"","format":"standard","meta":{"footnotes":""},"categories":[25,41],"tags":[],"class_list":["post-241482","post","type-post","status-publish","format-standard","has-post-thumbnail","hentry","category-costa-rica","category-destaque"],"_links":{"self":[{"href":"https:\/\/www.ocorreionews.com.br\/acervo-correio\/index.php?rest_route=\/wp\/v2\/posts\/241482","targetHints":{"allow":["GET"]}}],"collection":[{"href":"https:\/\/www.ocorreionews.com.br\/acervo-correio\/index.php?rest_route=\/wp\/v2\/posts"}],"about":[{"href":"https:\/\/www.ocorreionews.com.br\/acervo-correio\/index.php?rest_route=\/wp\/v2\/types\/post"}],"author":[{"embeddable":true,"href":"https:\/\/www.ocorreionews.com.br\/acervo-correio\/index.php?rest_route=\/wp\/v2\/users\/4"}],"replies":[{"embeddable":true,"href":"https:\/\/www.ocorreionews.com.br\/acervo-correio\/index.php?rest_route=%2Fwp%2Fv2%2Fcomments&post=241482"}],"version-history":[{"count":1,"href":"https:\/\/www.ocorreionews.com.br\/acervo-correio\/index.php?rest_route=\/wp\/v2\/posts\/241482\/revisions"}],"predecessor-version":[{"id":241489,"href":"https:\/\/www.ocorreionews.com.br\/acervo-correio\/index.php?rest_route=\/wp\/v2\/posts\/241482\/revisions\/241489"}],"wp:featuredmedia":[{"embeddable":true,"href":"https:\/\/www.ocorreionews.com.br\/acervo-correio\/index.php?rest_route=\/wp\/v2\/media\/241480"}],"wp:attachment":[{"href":"https:\/\/www.ocorreionews.com.br\/acervo-correio\/index.php?rest_route=%2Fwp%2Fv2%2Fmedia&parent=241482"}],"wp:term":[{"taxonomy":"category","embeddable":true,"href":"https:\/\/www.ocorreionews.com.br\/acervo-correio\/index.php?rest_route=%2Fwp%2Fv2%2Fcategories&post=241482"},{"taxonomy":"post_tag","embeddable":true,"href":"https:\/\/www.ocorreionews.com.br\/acervo-correio\/index.php?rest_route=%2Fwp%2Fv2%2Ftags&post=241482"}],"curies":[{"name":"wp","href":"https:\/\/api.w.org\/{rel}","templated":true}]}}