{"id":241483,"date":"2023-06-02T09:36:23","date_gmt":"2023-06-02T13:36:23","guid":{"rendered":"https:\/\/www.ocorreionews.com.br\/acervo-correio\/?p=241483"},"modified":"2023-06-02T09:36:23","modified_gmt":"2023-06-02T13:36:23","slug":"figueirao-uma-cidade-do-interior-com-estrutura-de-cidade-grande","status":"publish","type":"post","link":"https:\/\/www.ocorreionews.com.br\/acervo-correio\/?p=241483","title":{"rendered":"Figueir\u00e3o uma cidade do interior com estrutura de cidade grande"},"content":{"rendered":"<p>O munic\u00edpio de Figueir\u00e3o, emancipado em 29 de setembro de 2003, fica na Regi\u00e3o Norte do Estado e faz divisas com os munic\u00edpios: Alcin\u00f3polis, Costa Rica, Paraiso das \u00c1guas, Camapu\u00e3, S\u00e3o Gabriel do Oeste e Coxim, distante da capital sul-mato-grossense, Campo Grande, 265 km.<\/p>\n<p>O munic\u00edpio vem recebendo, nos \u00faltimos anos, uma gest\u00e3o diferenciada com o prefeito Juvenal Consolaro que iniciou sua administra\u00e7\u00e3o praticamente sem recursos.<\/p>\n<p>Foi com muita persist\u00eancia em realizar o sonho de transformar o munic\u00edpio que conseguiu organizar um planejamento de execu\u00e7\u00e3o para o desenvolvimento dos trabalhos.<\/p>\n<p>Hoje, para quem passa pela cidade, j\u00e1 v\u00ea a diferen\u00e7a se comparado h\u00e1 alguns anos. Figueir\u00e3o tornou-se uma cidade limpa, com ruas e avenidas pavimentadas e recapeadas, e as constru\u00e7\u00f5es de moradias (habitacionais) tornaram-se o carro-chefe, o prefeito disse que isso tudo s\u00f3 foi poss\u00edvel atrav\u00e9s de uma parceria com as autoridades estaduais e com o governador.<\/p>\n<p>O prefeito relatou, ainda, que falta muito para chegar onde sempre sonhou em ver o munic\u00edpio, mas que tem absoluta certeza que vai realizar esse grande sonho. Informou que alguns processos de emendas e licita\u00e7\u00e3o n\u00e3o andam com ele queria porque demandam o cumprimento de prazos, mas com apoio que vem recebendo do Legislativo e do Governador do Estado, as coisas ir\u00e3o continuar a todo vapor e a popula\u00e7\u00e3o pode esperar por muitas novidades e melhorias que trar\u00e3o qualidade de vida e bem estar para o mun\u00edcipe.<\/p>\n<h3><img decoding=\"async\" src=\"https:\/\/www.regionalms.com.br\/conteudo\/regionalms\/upp\/articles\/2022-02\/pasta\/03.jpg\" alt=\"\" width=\"100%\" \/><\/h3>\n<h3><img decoding=\"async\" src=\"https:\/\/www.regionalms.com.br\/conteudo\/regionalms\/upp\/articles\/2022-02\/pasta\/02.jpg\" alt=\"\" width=\"100%\" \/><\/h3>\n<h3><img decoding=\"async\" src=\"https:\/\/www.regionalms.com.br\/conteudo\/regionalms\/upp\/articles\/2022-02\/pasta\/04.jpg\" alt=\"\" width=\"100%\" \/><\/h3>\n<h3><img decoding=\"async\" src=\"https:\/\/www.regionalms.com.br\/conteudo\/regionalms\/upp\/articles\/2022-02\/pasta\/01.jpg\" alt=\"\" width=\"100%\" \/><\/h3>\n<h3><img decoding=\"async\" src=\"https:\/\/www.regionalms.com.br\/conteudo\/regionalms\/upp\/articles\/2022-02\/pasta\/05.jpg\" alt=\"\" width=\"100%\" \/><\/h3>\n<p>&nbsp;<\/p>\n<p>&nbsp;<\/p>\n<p>*Regional MS<\/p>\n","protected":false},"excerpt":{"rendered":"<p>O munic\u00edpio de Figueir\u00e3o, emancipado em 29 de setembro de 2003, fica na Regi\u00e3o Norte do Estado e faz divisas com os munic\u00edpios: Alcin\u00f3polis, Costa Rica, Paraiso das \u00c1guas, Camapu\u00e3, S\u00e3o Gabriel do Oeste e Coxim, distante da capital sul-mato-grossense, Campo Grande, 265 km. O munic\u00edpio vem recebendo, nos \u00faltimos anos, uma gest\u00e3o diferenciada com [&hellip;]<\/p>\n","protected":false},"author":4,"featured_media":241484,"comment_status":"closed","ping_status":"closed","sticky":false,"template":"","format":"standard","meta":{"footnotes":""},"categories":[30],"tags":[],"class_list":["post-241483","post","type-post","status-publish","format-standard","has-post-thumbnail","hentry","category-figueirao"],"_links":{"self":[{"href":"https:\/\/www.ocorreionews.com.br\/acervo-correio\/index.php?rest_route=\/wp\/v2\/posts\/241483","targetHints":{"allow":["GET"]}}],"collection":[{"href":"https:\/\/www.ocorreionews.com.br\/acervo-correio\/index.php?rest_route=\/wp\/v2\/posts"}],"about":[{"href":"https:\/\/www.ocorreionews.com.br\/acervo-correio\/index.php?rest_route=\/wp\/v2\/types\/post"}],"author":[{"embeddable":true,"href":"https:\/\/www.ocorreionews.com.br\/acervo-correio\/index.php?rest_route=\/wp\/v2\/users\/4"}],"replies":[{"embeddable":true,"href":"https:\/\/www.ocorreionews.com.br\/acervo-correio\/index.php?rest_route=%2Fwp%2Fv2%2Fcomments&post=241483"}],"version-history":[{"count":1,"href":"https:\/\/www.ocorreionews.com.br\/acervo-correio\/index.php?rest_route=\/wp\/v2\/posts\/241483\/revisions"}],"predecessor-version":[{"id":241485,"href":"https:\/\/www.ocorreionews.com.br\/acervo-correio\/index.php?rest_route=\/wp\/v2\/posts\/241483\/revisions\/241485"}],"wp:featuredmedia":[{"embeddable":true,"href":"https:\/\/www.ocorreionews.com.br\/acervo-correio\/index.php?rest_route=\/wp\/v2\/media\/241484"}],"wp:attachment":[{"href":"https:\/\/www.ocorreionews.com.br\/acervo-correio\/index.php?rest_route=%2Fwp%2Fv2%2Fmedia&parent=241483"}],"wp:term":[{"taxonomy":"category","embeddable":true,"href":"https:\/\/www.ocorreionews.com.br\/acervo-correio\/index.php?rest_route=%2Fwp%2Fv2%2Fcategories&post=241483"},{"taxonomy":"post_tag","embeddable":true,"href":"https:\/\/www.ocorreionews.com.br\/acervo-correio\/index.php?rest_route=%2Fwp%2Fv2%2Ftags&post=241483"}],"curies":[{"name":"wp","href":"https:\/\/api.w.org\/{rel}","templated":true}]}}