{"id":241490,"date":"2023-06-02T09:45:59","date_gmt":"2023-06-02T13:45:59","guid":{"rendered":"https:\/\/www.ocorreionews.com.br\/acervo-correio\/?p=241490"},"modified":"2023-06-02T09:45:59","modified_gmt":"2023-06-02T13:45:59","slug":"jovem-e-ferido-por-bala-perdida-quando-trabalhava-em-lavoura-de-milho-em-ms","status":"publish","type":"post","link":"https:\/\/www.ocorreionews.com.br\/acervo-correio\/?p=241490","title":{"rendered":"Jovem \u00e9 ferido por &#8216;bala perdida&#8217; quando trabalhava em lavoura de milho em MS"},"content":{"rendered":"<p>Um rapaz de 23 anos foi ferido a tiro quando trabalhava em uma planta\u00e7\u00e3o de milho em uma fazenda de Ant\u00f4nio Jo\u00e3o, a 279 km de <a class=\"st_tag internal_tag \" title=\"\u00daltimas Not\u00edcias de Campo Grande\" href=\"https:\/\/midiamax.uol.com.br\/municipios\/campo-grande\/\" rel=\"tag\">Campo Grande<\/a>. O crime aconteceu na noite de quarta-feira (31), mas s\u00f3 foi registrado na tarde de quinta (1). A suspeita \u00e9 que o disparo tenha ocorrido durante <a class=\"st_tag internal_tag \" title=\"Todas as not\u00edcias sobre ca\u00e7a\" href=\"https:\/\/midiamax.uol.com.br\/tag\/caca\/\" rel=\"tag\">ca\u00e7a<\/a> de porcos-do-mato.<\/p>\n<p>Conforme a ocorr\u00eancia registrada, a pol\u00edcia foi informada pelo Hospital Municipal de que havia um jovem ferido a tiros. Na unidade de sa\u00fade, em conversa com a v\u00edtima, que estava em choque, a pol\u00edcia descobriu que o jovem estava trabalhando na lavoura de milho da fazenda quando foi atingido pelo disparo vindo de um autor desconhecido dentro da lavoura.<\/p>\n<p>A pol\u00edcia chegou a fazer buscas no local para tentar localizar o autor, sem sucesso. Foi informado ainda impossibilidade de localiza\u00e7\u00e3o do autor, por ser imensa a \u00e1rea de plantio.<\/p>\n<p>Em contato com o gerente da fazenda, este disse que a v\u00edtima estava na lavoura a p\u00e9 quando ouviram o disparo de <a class=\"st_tag internal_tag \" title=\"Todas as not\u00edcias sobre arma\" href=\"https:\/\/midiamax.uol.com.br\/tag\/arma\/\" rel=\"tag\">arma<\/a> de fogo, em seguida levaram a v\u00edtima ao hospital. O gerente suspeita que seja algu\u00e9m na lavoura sem permiss\u00e3o da fazenda ca\u00e7ando porco-do-mato, j\u00e1 que a lavoura \u00e9 de milho.<\/p>\n<p>Os funcion\u00e1rios foram informados para avisar a guarni\u00e7\u00e3o da PM e a Patrulha Rural caso tenham alguma suspeita.<\/p>\n<p>O rapaz foi ferido nas duas pernas e encaminhado depois ao Hospital Regional. O caso na Pol\u00edcia Civil foi registrado a princ\u00edpio como les\u00e3o corporal culposa.<\/p>\n<p>&nbsp;<\/p>\n<div class=\"elementor-element elementor-element-1944f35 post-author elementor-widget__width-auto elementor-widget elementor-widget-shortcode\" data-id=\"1944f35\" data-element_type=\"widget\" data-widget_type=\"shortcode.default\">\n<div class=\"elementor-widget-container\">\n<div class=\"elementor-shortcode\">Mirian Machado, Midiamax<\/div>\n<\/div>\n<\/div>\n<div class=\"elementor-element elementor-element-ec9eab2 elementor-widget__width-auto elementor-widget elementor-widget-text-editor\" data-id=\"ec9eab2\" data-element_type=\"widget\" data-widget_type=\"text-editor.default\">\n<div class=\"elementor-widget-container\"><\/div>\n<\/div>\n","protected":false},"excerpt":{"rendered":"<p>Um rapaz de 23 anos foi ferido a tiro quando trabalhava em uma planta\u00e7\u00e3o de milho em uma fazenda de Ant\u00f4nio Jo\u00e3o, a 279 km de Campo Grande. O crime aconteceu na noite de quarta-feira (31), mas s\u00f3 foi registrado na tarde de quinta (1). A suspeita \u00e9 que o disparo tenha ocorrido durante ca\u00e7a [&hellip;]<\/p>\n","protected":false},"author":4,"featured_media":239636,"comment_status":"closed","ping_status":"closed","sticky":false,"template":"","format":"standard","meta":{"footnotes":""},"categories":[38],"tags":[],"class_list":["post-241490","post","type-post","status-publish","format-standard","has-post-thumbnail","hentry","category-policia"],"_links":{"self":[{"href":"https:\/\/www.ocorreionews.com.br\/acervo-correio\/index.php?rest_route=\/wp\/v2\/posts\/241490","targetHints":{"allow":["GET"]}}],"collection":[{"href":"https:\/\/www.ocorreionews.com.br\/acervo-correio\/index.php?rest_route=\/wp\/v2\/posts"}],"about":[{"href":"https:\/\/www.ocorreionews.com.br\/acervo-correio\/index.php?rest_route=\/wp\/v2\/types\/post"}],"author":[{"embeddable":true,"href":"https:\/\/www.ocorreionews.com.br\/acervo-correio\/index.php?rest_route=\/wp\/v2\/users\/4"}],"replies":[{"embeddable":true,"href":"https:\/\/www.ocorreionews.com.br\/acervo-correio\/index.php?rest_route=%2Fwp%2Fv2%2Fcomments&post=241490"}],"version-history":[{"count":1,"href":"https:\/\/www.ocorreionews.com.br\/acervo-correio\/index.php?rest_route=\/wp\/v2\/posts\/241490\/revisions"}],"predecessor-version":[{"id":241494,"href":"https:\/\/www.ocorreionews.com.br\/acervo-correio\/index.php?rest_route=\/wp\/v2\/posts\/241490\/revisions\/241494"}],"wp:featuredmedia":[{"embeddable":true,"href":"https:\/\/www.ocorreionews.com.br\/acervo-correio\/index.php?rest_route=\/wp\/v2\/media\/239636"}],"wp:attachment":[{"href":"https:\/\/www.ocorreionews.com.br\/acervo-correio\/index.php?rest_route=%2Fwp%2Fv2%2Fmedia&parent=241490"}],"wp:term":[{"taxonomy":"category","embeddable":true,"href":"https:\/\/www.ocorreionews.com.br\/acervo-correio\/index.php?rest_route=%2Fwp%2Fv2%2Fcategories&post=241490"},{"taxonomy":"post_tag","embeddable":true,"href":"https:\/\/www.ocorreionews.com.br\/acervo-correio\/index.php?rest_route=%2Fwp%2Fv2%2Ftags&post=241490"}],"curies":[{"name":"wp","href":"https:\/\/api.w.org\/{rel}","templated":true}]}}